{"id":36507,"date":"2018-06-16T17:28:08","date_gmt":"2018-06-16T21:58:08","guid":{"rendered":"http:\/\/gradadigital.com\/home\/?p=36507"},"modified":"2018-06-17T08:17:38","modified_gmt":"2018-06-17T12:47:38","slug":"jefferson-farfan-este-es-un-equipo-que-ha-superado-muchas-adversidades","status":"publish","type":"post","link":"http:\/\/gradadigital.com\/home\/jefferson-farfan-este-es-un-equipo-que-ha-superado-muchas-adversidades\/","title":{"rendered":"Jefferson Farf\u00e1n: \u00abEste es un equipo que ha superado muchas adversidades\u00bb"},"content":{"rendered":"<p style=\"text-align: center;\"><img decoding=\"async\" src=\"http:\/\/gradadigital.com\/home\/wp-content\/uploads\/2018\/06\/farfan_copa_mundial_rusia2018_16062018.jpg\" \/><\/p>\n<p style=\"text-align: justify;\"><strong>EFE &#8211;<\/strong> El delantero Jefferson Farf\u00e1n lament\u00f3 las ocasiones marradas contra Dinamarca que evitaron la victoria de Per\u00fa en su vuelta a un Mundial despu\u00e9s de 36 a\u00f1os de ausencia.<\/p>\n<p style=\"text-align: justify;\"><strong>\u00abTodos sabemos que merecimos m\u00e1s. Disfrutamos de varias ocasiones y fallamos un penalti. Pero hay que olvidarlo y pensar en Francia\u00bb<\/strong>, apunt\u00f3 el atacante del Lokomotiv Mosc\u00fa.<\/p>\n<p style=\"text-align: justify;\"><strong>\u00abHay que estar fuertes mentalmente. Es un equipo que ha superado adversidades\u00bb<\/strong>, dijo. <strong>\u00abQuedan dos partidos y por todo lo que ha hecho el equipo hay que confiar\u00bb<\/strong>, alent\u00f3 el delantero.<\/p>\n<p style=\"text-align: justify;\">Por su parte, el delantero Edison Flores se mostr\u00f3 confiado en las opciones de Per\u00fa a pesar de la derrota contra Dinamarca. <strong>\u00abSi jugamos as\u00ed vamos a dar que hablar y crear peligro a las selecciones que nos vienen enfrente\u00bb<\/strong>.<\/p>\n<p style=\"text-align: justify;\"><strong>\u00abLas ocasiones las tuvimos. Solo falt\u00f3 eficacia. Fuimos ofensivos y defensivamente solo fallamos en la acci\u00f3n del gol. Queda estar atentos y dar lo mejor en lo que viene\u00bb<\/strong>, indic\u00f3 el delantero peruano, que anim\u00f3 a Christian Cueva a pesar del fallo del penalti en un momento clave.<\/p>\n<p style=\"text-align: justify;\"><strong>\u00abChristian da todo siempre y le apoyamos todos. No solo le pasa a \u00e9l sino a todos los jugadores. El respaldo a un compa\u00f1ero est\u00e1 por encima de todo\u00bb<\/strong>, concluy\u00f3.<\/p>\n<p style=\"text-align: justify;\">El defensa Alberto Rodr\u00edguez calific\u00f3 de injusto el marcador contra Dinamarca aunque reconoci\u00f3 que su equipo fue penalizado por la falta de acierto.<\/p>\n<p style=\"text-align: justify;\"><strong>\u00abPor muchos momentos tuvimos el control del partido y no pudimos concretar tantas ocasiones que tuvimos. El que hace gol es el que gana\u00bb<\/strong>, resalt\u00f3 el capit\u00e1n ante Dinamarca.<\/p>\n<p style=\"text-align: justify;\"><strong>\u00abTodo est\u00e1 abierto a\u00fan. Para nosotros quedan dos finales. Nos viene Francia y no podemos fallar\u00bb<\/strong>, advirti\u00f3 el defensa. <strong>\u00abEspero que esto nos sirva de experiencia y olvidarnos del partido y mirar a Francia. Es un grupo complicado y todo puede pasar\u00bb<\/strong>, concluy\u00f3.<\/p>\n","protected":false},"excerpt":{"rendered":"<p>EFE &#8211; El delantero Jefferson Farf\u00e1n lament\u00f3 las ocasiones marradas contra Dinamarca que evitaron la victoria de Per\u00fa en su vuelta a un Mundial despu\u00e9s de 36 a\u00f1os de ausencia. \u00abTodos sabemos que merecimos m\u00e1s. Disfrutamos de varias ocasiones y fallamos un penalti. Pero hay que olvidarlo y pensar en Francia\u00bb, apunt\u00f3 el atacante del &#8230;<\/p>\n","protected":false},"author":3,"featured_media":36528,"comment_status":"closed","ping_status":"closed","sticky":false,"template":"","format":"standard","meta":{"footnotes":""},"categories":[752,36,1878],"tags":[2155,1148],"class_list":["post-36507","post","type-post","status-publish","format-standard","has-post-thumbnail","hentry","category-appgd","category-internacional","category-rusia-2018","tag-dinamarca","tag-peru"],"_links":{"self":[{"href":"http:\/\/gradadigital.com\/home\/wp-json\/wp\/v2\/posts\/36507","targetHints":{"allow":["GET"]}}],"collection":[{"href":"http:\/\/gradadigital.com\/home\/wp-json\/wp\/v2\/posts"}],"about":[{"href":"http:\/\/gradadigital.com\/home\/wp-json\/wp\/v2\/types\/post"}],"author":[{"embeddable":true,"href":"http:\/\/gradadigital.com\/home\/wp-json\/wp\/v2\/users\/3"}],"replies":[{"embeddable":true,"href":"http:\/\/gradadigital.com\/home\/wp-json\/wp\/v2\/comments?post=36507"}],"version-history":[{"count":3,"href":"http:\/\/gradadigital.com\/home\/wp-json\/wp\/v2\/posts\/36507\/revisions"}],"predecessor-version":[{"id":36549,"href":"http:\/\/gradadigital.com\/home\/wp-json\/wp\/v2\/posts\/36507\/revisions\/36549"}],"wp:featuredmedia":[{"embeddable":true,"href":"http:\/\/gradadigital.com\/home\/wp-json\/wp\/v2\/media\/36528"}],"wp:attachment":[{"href":"http:\/\/gradadigital.com\/home\/wp-json\/wp\/v2\/media?parent=36507"}],"wp:term":[{"taxonomy":"category","embeddable":true,"href":"http:\/\/gradadigital.com\/home\/wp-json\/wp\/v2\/categories?post=36507"},{"taxonomy":"post_tag","embeddable":true,"href":"http:\/\/gradadigital.com\/home\/wp-json\/wp\/v2\/tags?post=36507"}],"curies":[{"name":"wp","href":"https:\/\/api.w.org\/{rel}","templated":true}]}}