{"id":36487,"date":"2018-06-16T16:51:52","date_gmt":"2018-06-16T21:21:52","guid":{"rendered":"http:\/\/gradadigital.com\/home\/?p=36487"},"modified":"2018-06-17T13:09:34","modified_gmt":"2018-06-17T17:39:34","slug":"messi-me-duele-haber-errado-el-penalti","status":"publish","type":"post","link":"http:\/\/gradadigital.com\/home\/messi-me-duele-haber-errado-el-penalti\/","title":{"rendered":"Messi: \u00abMe duele haber errado el penalti\u00bb"},"content":{"rendered":"<p style=\"text-align: center;\"><img decoding=\"async\" src=\"http:\/\/gradadigital.com\/home\/wp-content\/uploads\/2018\/06\/messi_copa_mundial_rusia2018_16062018_1.jpg\" \/><\/p>\n<p style=\"text-align: justify;\"><strong>EFE &#8211;<\/strong> Leo Messi lament\u00f3, tras el empate de la selecci\u00f3n argentina contra Islandia (1-1), que le <strong>\u00abduele haber errado el penalti\u00bb<\/strong>, que le habr\u00eda dado la victoria a su equipo, pero que aun as\u00ed la Albiceleste <strong>\u00abmereci\u00f3 ganar\u00bb<\/strong> y sigue <strong>\u00abcon las mismas ganas\u00bb<\/strong>.<\/p>\n<p style=\"text-align: justify;\"><strong>\u00abMe duele haber errado el penalti, porque era la ventaja decisiva\u00bb<\/strong>, indic\u00f3 Messi, que afirm\u00f3 que el rev\u00e9s no resta ilusi\u00f3n a la plantilla de Jorge Sampaoli.<\/p>\n<p style=\"text-align: justify;\"><strong>\u00abNo hemos perdido la ilusi\u00f3n pese al empate. Seguimos con las mismas ganas. Creo que merecimos ganar. Tratamos de buscar los espacios en la defensa islandesa, pero no pudimos encontrarlos\u00bb<\/strong>, indic\u00f3 en la zona mixta del estadio Spartak, donde se disput\u00f3 el encuentro.<\/p>\n<p style=\"text-align: justify;\">El capit\u00e1n argentino neg\u00f3, asimismo, que el resultado cosechado hoy pueda influir en el juego ante Croacia. <strong>\u00abEsto no tiene que pesarnos. Tenemos unos d\u00edas para descansar y preparar bien el partido\u00bb<\/strong>, asegur\u00f3.<\/p>\n<p style=\"text-align: justify;\"><strong>\u00abNo pens\u00e1bamos empezar con un punto en el primer partido, pero bueno, es el primer partido. Nadie regala nada. Es un Mundial muy parejo y se est\u00e1 viendo, porque todos los partidos son muy igualados\u00bb<\/strong>, agreg\u00f3 Messi.<\/p>\n","protected":false},"excerpt":{"rendered":"<p>EFE &#8211; Leo Messi lament\u00f3, tras el empate de la selecci\u00f3n argentina contra Islandia (1-1), que le \u00abduele haber errado el penalti\u00bb, que le habr\u00eda dado la victoria a su equipo, pero que aun as\u00ed la Albiceleste \u00abmereci\u00f3 ganar\u00bb y sigue \u00abcon las mismas ganas\u00bb. \u00abMe duele haber errado el penalti, porque era la ventaja &#8230;<\/p>\n","protected":false},"author":3,"featured_media":36573,"comment_status":"closed","ping_status":"closed","sticky":false,"template":"","format":"standard","meta":{"footnotes":""},"categories":[752,36,1878],"tags":[186,2154],"class_list":["post-36487","post","type-post","status-publish","format-standard","has-post-thumbnail","hentry","category-appgd","category-internacional","category-rusia-2018","tag-argentina","tag-islandia"],"_links":{"self":[{"href":"http:\/\/gradadigital.com\/home\/wp-json\/wp\/v2\/posts\/36487","targetHints":{"allow":["GET"]}}],"collection":[{"href":"http:\/\/gradadigital.com\/home\/wp-json\/wp\/v2\/posts"}],"about":[{"href":"http:\/\/gradadigital.com\/home\/wp-json\/wp\/v2\/types\/post"}],"author":[{"embeddable":true,"href":"http:\/\/gradadigital.com\/home\/wp-json\/wp\/v2\/users\/3"}],"replies":[{"embeddable":true,"href":"http:\/\/gradadigital.com\/home\/wp-json\/wp\/v2\/comments?post=36487"}],"version-history":[{"count":3,"href":"http:\/\/gradadigital.com\/home\/wp-json\/wp\/v2\/posts\/36487\/revisions"}],"predecessor-version":[{"id":36580,"href":"http:\/\/gradadigital.com\/home\/wp-json\/wp\/v2\/posts\/36487\/revisions\/36580"}],"wp:featuredmedia":[{"embeddable":true,"href":"http:\/\/gradadigital.com\/home\/wp-json\/wp\/v2\/media\/36573"}],"wp:attachment":[{"href":"http:\/\/gradadigital.com\/home\/wp-json\/wp\/v2\/media?parent=36487"}],"wp:term":[{"taxonomy":"category","embeddable":true,"href":"http:\/\/gradadigital.com\/home\/wp-json\/wp\/v2\/categories?post=36487"},{"taxonomy":"post_tag","embeddable":true,"href":"http:\/\/gradadigital.com\/home\/wp-json\/wp\/v2\/tags?post=36487"}],"curies":[{"name":"wp","href":"https:\/\/api.w.org\/{rel}","templated":true}]}}