{"id":36478,"date":"2018-06-16T16:40:47","date_gmt":"2018-06-16T21:10:47","guid":{"rendered":"http:\/\/gradadigital.com\/home\/?p=36478"},"modified":"2018-06-17T09:07:45","modified_gmt":"2018-06-17T13:37:45","slug":"aguero-acaba-con-la-sequia-argentina-despues-de-341-minutos-sin-gol","status":"publish","type":"post","link":"http:\/\/gradadigital.com\/home\/aguero-acaba-con-la-sequia-argentina-despues-de-341-minutos-sin-gol\/","title":{"rendered":"Ag\u00fcero acaba con la sequ\u00eda argentina despu\u00e9s de 341 minutos sin gol"},"content":{"rendered":"<p style=\"text-align: center;\"><img decoding=\"async\" src=\"http:\/\/gradadigital.com\/home\/wp-content\/uploads\/2018\/06\/sergio_aguero_copa_mundial_rusia2018_16062018.jpg\" \/><\/p>\n<p style=\"text-align: justify;\"><strong>EFE<\/strong> &#8211; El tanto anotado por Sergio Ag\u00fcero en el minuto 19 del duelo ante Islandia, el primero del atacante del Manchester City en un Mundial de f\u00fatbol, permiti\u00f3 a la selecci\u00f3n argentina reencontrarse con el gol en el certamen, 341 minutos despu\u00e9s del acierto de Gonzalo Higua\u00edn en los cuartos de final del torneo que alberg\u00f3 Brasil en 2014.<\/p>\n<p style=\"text-align: justify;\">El atacante del Juventus italiano sell\u00f3 el pase de la Albiceleste a las semifinales al batir al belga Thibaut Courtois en el minuto 8 de aquel envite, disputado en el estadio Nacional de Brasilia. Ah\u00ed se agot\u00f3 el acierto argentino. Su duelo de semifinales ante la escuadra holandesa concluy\u00f3 con 0-0 y, tras la pr\u00f3rroga, el grupo entonces dirigido por Alejandro Sabella se impuso en los penaltis.<\/p>\n<p style=\"text-align: justify;\">La final ante la selecci\u00f3n de Alemania, por su parte, fue resuelta por Mario G\u00f6tze con su solitario gol en el minuto 113 de la pr\u00f3rroga. La Albiceleste finaliz\u00f3 como subcampeona por el lastre de esos 322 minutos sin gol en Brasil.<\/p>\n<p style=\"text-align: justify;\">Al contador agreg\u00f3 este s\u00e1bado 19 minutos m\u00e1s. Ese fue el tiempo que necesit\u00f3 Sergio Ag\u00fcero para batir al portero island\u00e9s Hannes Halldorsson con un potente zurdazo en el primer compromiso del grupo D y agotar la sequ\u00eda argentina. Tambi\u00e9n la suya, ya que nunca antes hab\u00eda gritado gol en un Mundial.<\/p>\n","protected":false},"excerpt":{"rendered":"<p>EFE &#8211; El tanto anotado por Sergio Ag\u00fcero en el minuto 19 del duelo ante Islandia, el primero del atacante del Manchester City en un Mundial de f\u00fatbol, permiti\u00f3 a la selecci\u00f3n argentina reencontrarse con el gol en el certamen, 341 minutos despu\u00e9s del acierto de Gonzalo Higua\u00edn en los cuartos de final del torneo &#8230;<\/p>\n","protected":false},"author":3,"featured_media":36570,"comment_status":"closed","ping_status":"closed","sticky":false,"template":"","format":"standard","meta":{"footnotes":""},"categories":[752,36,1878],"tags":[186,2154],"class_list":["post-36478","post","type-post","status-publish","format-standard","has-post-thumbnail","hentry","category-appgd","category-internacional","category-rusia-2018","tag-argentina","tag-islandia"],"_links":{"self":[{"href":"http:\/\/gradadigital.com\/home\/wp-json\/wp\/v2\/posts\/36478","targetHints":{"allow":["GET"]}}],"collection":[{"href":"http:\/\/gradadigital.com\/home\/wp-json\/wp\/v2\/posts"}],"about":[{"href":"http:\/\/gradadigital.com\/home\/wp-json\/wp\/v2\/types\/post"}],"author":[{"embeddable":true,"href":"http:\/\/gradadigital.com\/home\/wp-json\/wp\/v2\/users\/3"}],"replies":[{"embeddable":true,"href":"http:\/\/gradadigital.com\/home\/wp-json\/wp\/v2\/comments?post=36478"}],"version-history":[{"count":3,"href":"http:\/\/gradadigital.com\/home\/wp-json\/wp\/v2\/posts\/36478\/revisions"}],"predecessor-version":[{"id":36572,"href":"http:\/\/gradadigital.com\/home\/wp-json\/wp\/v2\/posts\/36478\/revisions\/36572"}],"wp:featuredmedia":[{"embeddable":true,"href":"http:\/\/gradadigital.com\/home\/wp-json\/wp\/v2\/media\/36570"}],"wp:attachment":[{"href":"http:\/\/gradadigital.com\/home\/wp-json\/wp\/v2\/media?parent=36478"}],"wp:term":[{"taxonomy":"category","embeddable":true,"href":"http:\/\/gradadigital.com\/home\/wp-json\/wp\/v2\/categories?post=36478"},{"taxonomy":"post_tag","embeddable":true,"href":"http:\/\/gradadigital.com\/home\/wp-json\/wp\/v2\/tags?post=36478"}],"curies":[{"name":"wp","href":"https:\/\/api.w.org\/{rel}","templated":true}]}}