{"id":36387,"date":"2018-06-15T11:10:14","date_gmt":"2018-06-15T15:40:14","guid":{"rendered":"http:\/\/gradadigital.com\/home\/?p=36387"},"modified":"2018-06-16T06:00:23","modified_gmt":"2018-06-16T10:30:23","slug":"gimenez-remate-con-el-alma-muchos-fuimos-a-por-esa-pelota","status":"publish","type":"post","link":"http:\/\/gradadigital.com\/home\/gimenez-remate-con-el-alma-muchos-fuimos-a-por-esa-pelota\/","title":{"rendered":"Gim\u00e9nez: \u00abRemat\u00e9 con el alma, muchos fuimos a por esa pelota\u00bb"},"content":{"rendered":"<p style=\"text-align: center;\"><img decoding=\"async\" src=\"http:\/\/gradadigital.com\/home\/wp-content\/uploads\/2018\/06\/josr_maria_gimenez_copa_mundial_rusia2018_15062018_1.jpg\" \/><\/p>\n<p style=\"text-align: justify;\"><strong>EFE &#8211;<\/strong> Jos\u00e9 Mar\u00eda Gim\u00e9nez, autor del \u00fanico tanto de Uruguay con el que su equipo gan\u00f3 0-1 a Egipto, afirm\u00f3 que remat\u00f3 con <strong>\u00abel alma\u00bb<\/strong> el centro de Carlos S\u00e1nchez que dio la victoria a los hombres de \u00d3scar Washington Tab\u00e1rez.<\/p>\n<p style=\"text-align: justify;\"><strong>\u00abVer a cuatro compa\u00f1eros saltando a por una pelota, te da ganas de ir a por ella y hacer lo mismo. Creo que fue con el alma, fuimos muchos a por esa pelota. El gol me toc\u00f3 meterlo a m\u00ed y estoy contento por el equipo\u00bb<\/strong>, declar\u00f3.<\/p>\n<p style=\"text-align: justify;\">Para Gim\u00e9nez, la victoria fue <strong>\u00abmuy importante\u00bb<\/strong> para el conjunto charr\u00faa <strong>\u00absobre todo\u00bb<\/strong> porque representa una <strong>\u00abalegr\u00eda\u00bb<\/strong> para toda la <strong>\u00abgente\u00bb<\/strong> de su pa\u00eds.<\/p>\n<p style=\"text-align: justify;\"><strong>\u00abSabemos que es importante pero en cinco d\u00edas tenemos otro partido. Mente fr\u00eda, cualquier partido aqu\u00ed es muy duro. Si Uruguay hace las cosas como las tenemos que hacer, tenemos muchas oportunidades de pasar\u00bb<\/strong>, coment\u00f3.<\/p>\n<p style=\"text-align: justify;\">Por \u00faltimo, analiz\u00f3 el partido ante Egipto: <strong>\u00abNo pudimos entrar por abajo porque hicieron un gran partido defensivo. El detalle del gol, no s\u00e9 si lo hicieron mal, pero lo pudimos aprovechar para llevarnos la victoria\u00bb<\/strong>, finaliz\u00f3.<\/p>\n","protected":false},"excerpt":{"rendered":"<p>EFE &#8211; Jos\u00e9 Mar\u00eda Gim\u00e9nez, autor del \u00fanico tanto de Uruguay con el que su equipo gan\u00f3 0-1 a Egipto, afirm\u00f3 que remat\u00f3 con \u00abel alma\u00bb el centro de Carlos S\u00e1nchez que dio la victoria a los hombres de \u00d3scar Washington Tab\u00e1rez. \u00abVer a cuatro compa\u00f1eros saltando a por una pelota, te da ganas de &#8230;<\/p>\n","protected":false},"author":3,"featured_media":36414,"comment_status":"closed","ping_status":"closed","sticky":false,"template":"","format":"standard","meta":{"footnotes":""},"categories":[752,36,1878],"tags":[2151,985,301],"class_list":["post-36387","post","type-post","status-publish","format-standard","has-post-thumbnail","hentry","category-appgd","category-internacional","category-rusia-2018","tag-egipto","tag-rusia-2018","tag-uruguay"],"_links":{"self":[{"href":"http:\/\/gradadigital.com\/home\/wp-json\/wp\/v2\/posts\/36387","targetHints":{"allow":["GET"]}}],"collection":[{"href":"http:\/\/gradadigital.com\/home\/wp-json\/wp\/v2\/posts"}],"about":[{"href":"http:\/\/gradadigital.com\/home\/wp-json\/wp\/v2\/types\/post"}],"author":[{"embeddable":true,"href":"http:\/\/gradadigital.com\/home\/wp-json\/wp\/v2\/users\/3"}],"replies":[{"embeddable":true,"href":"http:\/\/gradadigital.com\/home\/wp-json\/wp\/v2\/comments?post=36387"}],"version-history":[{"count":3,"href":"http:\/\/gradadigital.com\/home\/wp-json\/wp\/v2\/posts\/36387\/revisions"}],"predecessor-version":[{"id":36434,"href":"http:\/\/gradadigital.com\/home\/wp-json\/wp\/v2\/posts\/36387\/revisions\/36434"}],"wp:featuredmedia":[{"embeddable":true,"href":"http:\/\/gradadigital.com\/home\/wp-json\/wp\/v2\/media\/36414"}],"wp:attachment":[{"href":"http:\/\/gradadigital.com\/home\/wp-json\/wp\/v2\/media?parent=36387"}],"wp:term":[{"taxonomy":"category","embeddable":true,"href":"http:\/\/gradadigital.com\/home\/wp-json\/wp\/v2\/categories?post=36387"},{"taxonomy":"post_tag","embeddable":true,"href":"http:\/\/gradadigital.com\/home\/wp-json\/wp\/v2\/tags?post=36387"}],"curies":[{"name":"wp","href":"https:\/\/api.w.org\/{rel}","templated":true}]}}