{"id":36342,"date":"2018-06-14T11:10:59","date_gmt":"2018-06-14T15:40:59","guid":{"rendered":"http:\/\/gradadigital.com\/home\/?p=36342"},"modified":"2018-06-14T16:15:43","modified_gmt":"2018-06-14T20:45:43","slug":"el-saudi-mohammed-al-sahlawi-hace-el-saque-inicial-del-mundial-de-rusia","status":"publish","type":"post","link":"http:\/\/gradadigital.com\/home\/el-saudi-mohammed-al-sahlawi-hace-el-saque-inicial-del-mundial-de-rusia\/","title":{"rendered":"El saud\u00ed Mohammed Al Sahlawi hace el saque inicial del Mundial de Rusia"},"content":{"rendered":"<p style=\"text-align: center;\"><img decoding=\"async\" src=\"http:\/\/gradadigital.com\/home\/wp-content\/uploads\/2018\/06\/mohammed_al_sahlawi_arabia_saudita_copa_mundial_rusia2018_14062018.jpg\" \/><\/p>\n<p style=\"text-align: justify;\"><strong>EFE &#8211;<\/strong> El saud\u00ed Mohammed Al Sahlawi hizo hoy el saque inicial del partido inaugural del Mundial de Rusia que enfrenta al anfitri\u00f3n, Rusia, y a la Arabia Saud\u00ed del Juan Antonio Pizzi.<\/p>\n<p style=\"text-align: justify;\">El partido, que se disputa en el estadio Luzhnik\u00ed (81.000 espectadores), arranc\u00f3 despu\u00e9s de una breve, pero intensa ceremonia de apertura presidida por el jefe del Kremlin, Vlad\u00edmir Putin.<\/p>\n<p style=\"text-align: justify;\">Rusos y saud\u00edes se encuentran en el Grupo A, que tambi\u00e9n incluye a la Uruguay de Luis Su\u00e1rez y la Egipto de Salah, que se enfrentar\u00e1n ma\u00f1ana, viernes, en Yekaterimburgo.<\/p>\n<p style=\"text-align: justify;\">El Mundial, que se celebra por primera vez en Europa Oriental, lo disputar\u00e1n 32 equipos, que se repartir\u00e1n por once ciudades y doce estadios, desde la costa b\u00e1ltica hasta los Urales.<\/p>\n<p style=\"text-align: justify;\">Un total de 736 futbolistas han sido inscritos en el torneo, que concluir\u00e1 el pr\u00f3ximo 15 de julio en este mismo estadio con la gran final.<\/p>\n<p style=\"text-align: justify;\">Panam\u00e1, cuyo presidente asiste a la ceremonia, e Islandia debutan en un Mundial en el que las grandes ausencias son Italia -la \u00fanica campeona mundial que no participa-, Holanda y Chile.<\/p>\n","protected":false},"excerpt":{"rendered":"<p>EFE &#8211; El saud\u00ed Mohammed Al Sahlawi hizo hoy el saque inicial del partido inaugural del Mundial de Rusia que enfrenta al anfitri\u00f3n, Rusia, y a la Arabia Saud\u00ed del Juan Antonio Pizzi. El partido, que se disputa en el estadio Luzhnik\u00ed (81.000 espectadores), arranc\u00f3 despu\u00e9s de una breve, pero intensa ceremonia de apertura presidida &#8230;<\/p>\n","protected":false},"author":3,"featured_media":36349,"comment_status":"closed","ping_status":"closed","sticky":false,"template":"","format":"standard","meta":{"footnotes":""},"categories":[752,36,1878],"tags":[2147,985],"class_list":["post-36342","post","type-post","status-publish","format-standard","has-post-thumbnail","hentry","category-appgd","category-internacional","category-rusia-2018","tag-mohammed-al-sahlawi","tag-rusia-2018"],"_links":{"self":[{"href":"http:\/\/gradadigital.com\/home\/wp-json\/wp\/v2\/posts\/36342","targetHints":{"allow":["GET"]}}],"collection":[{"href":"http:\/\/gradadigital.com\/home\/wp-json\/wp\/v2\/posts"}],"about":[{"href":"http:\/\/gradadigital.com\/home\/wp-json\/wp\/v2\/types\/post"}],"author":[{"embeddable":true,"href":"http:\/\/gradadigital.com\/home\/wp-json\/wp\/v2\/users\/3"}],"replies":[{"embeddable":true,"href":"http:\/\/gradadigital.com\/home\/wp-json\/wp\/v2\/comments?post=36342"}],"version-history":[{"count":3,"href":"http:\/\/gradadigital.com\/home\/wp-json\/wp\/v2\/posts\/36342\/revisions"}],"predecessor-version":[{"id":36352,"href":"http:\/\/gradadigital.com\/home\/wp-json\/wp\/v2\/posts\/36342\/revisions\/36352"}],"wp:featuredmedia":[{"embeddable":true,"href":"http:\/\/gradadigital.com\/home\/wp-json\/wp\/v2\/media\/36349"}],"wp:attachment":[{"href":"http:\/\/gradadigital.com\/home\/wp-json\/wp\/v2\/media?parent=36342"}],"wp:term":[{"taxonomy":"category","embeddable":true,"href":"http:\/\/gradadigital.com\/home\/wp-json\/wp\/v2\/categories?post=36342"},{"taxonomy":"post_tag","embeddable":true,"href":"http:\/\/gradadigital.com\/home\/wp-json\/wp\/v2\/tags?post=36342"}],"curies":[{"name":"wp","href":"https:\/\/api.w.org\/{rel}","templated":true}]}}