{"id":36240,"date":"2018-04-05T01:19:54","date_gmt":"2018-04-05T05:49:54","guid":{"rendered":"http:\/\/gradadigital.com\/home\/?p=36240"},"modified":"2018-04-05T01:23:57","modified_gmt":"2018-04-05T05:53:57","slug":"deyna-castellanos-nosotras-queremos-clasificarnos-a-todo","status":"publish","type":"post","link":"http:\/\/gradadigital.com\/home\/deyna-castellanos-nosotras-queremos-clasificarnos-a-todo\/","title":{"rendered":"Deyna Castellanos: \u00abNosotras queremos clasificarnos a todo\u00bb"},"content":{"rendered":"<p style=\"text-align: center;\"><img loading=\"lazy\" decoding=\"async\" class=\"alignnone wp-image-36241 size-full\" src=\"http:\/\/gradadigital.com\/home\/wp-content\/uploads\/2018\/04\/deyna_castellanos_copaamerica_2018_04042018.jpg\" alt=\"\" width=\"682\" height=\"455\" srcset=\"http:\/\/gradadigital.com\/home\/wp-content\/uploads\/2018\/04\/deyna_castellanos_copaamerica_2018_04042018.jpg 682w, http:\/\/gradadigital.com\/home\/wp-content\/uploads\/2018\/04\/deyna_castellanos_copaamerica_2018_04042018-300x200.jpg 300w\" sizes=\"auto, (max-width: 682px) 100vw, 682px\" \/><\/p>\n<p style=\"text-align: justify;\"><strong>Prensa Copa Am\u00e9rica Chile 2018 &#8211;<\/strong> Deyna Castellanos es, hoy por hoy, una de las grandes promesas del f\u00fatbol mundial. Y es que la jugadora venezolana que est\u00e1 pr\u00f3xima a cumplir 19 a\u00f1os, tiene un talento innato con el bal\u00f3n en los pies. Si bien su familia no estuvo de acuerdo en un comienzo con que ella practicara f\u00fatbol, con el pasar de los a\u00f1os se fueron convenciendo de que era un diamante en bruto que hab\u00eda que pulir.<\/p>\n<p style=\"text-align: justify;\">\u201cA los 12 a\u00f1os debut\u00e9 con las selecciones menores y a los 14 a\u00f1os ya estaba disputando una Copa Am\u00e9rica, despu\u00e9s de haber disputado un Mundial Sub 17 y Juegos Ol\u00edmpicos Juveniles\u201d,parti\u00f3 se\u00f1alando Castellanos en entrevista con Cafemchile2018.<\/p>\n<p style=\"text-align: justify;\">Tras esto, las nominaciones no tardaron en llegar. Y es que gracias a la tremenda actuaci\u00f3n que consigui\u00f3 en la Copa Mundial de la FIFA Femenino Sub 17 del a\u00f1o 2014, donde por cierto se convirti\u00f3 en la goleadora del evento con 11 goles, todos los ojos se volcaron hacia ella con el objetivo de saber qui\u00e9n era la mente brillante tras ese juego.<\/p>\n<p style=\"text-align: justify;\"><strong>LA CONSOLIDACI\u00d3N<\/strong><\/p>\n<p style=\"text-align: justify;\">El a\u00f1o 2016 debe haber sido, sin lugar a dudas, su mejor a\u00f1o deportivo. Y es que la joven goleadora no solo se llev\u00f3 el bot\u00edn de oro del Campeonato Sudamericano Sub 17 al convertirse en la mayor artillera con 14 anotaciones, sino que tambi\u00e9n se alz\u00f3 en la historia dorada del evento al subirse, junto a su selecci\u00f3n, hasta lo m\u00e1s alto del cetro continental.<\/p>\n<p style=\"text-align: justify;\">En el 2017, en tanto, fue nominada como la jugadora del a\u00f1o de la United Women\u00b4s Soccer e incluida en el Equipo Ideal de la misma instituci\u00f3n, adem\u00e1s de sumar dos terceros lugares en la competencia por los Premios de la FIFA: Pusk\u00e1s y The Best.<\/p>\n<p style=\"text-align: justify;\">\u00a0\u201cLa parte m\u00e1s bonita, aparte de lo futbol\u00edstico, es ser respetada por la FIFA, ser parte de su equipo de trabajo,\u00a0que me tomen en cuenta para ser embajadora de Mundiales Sub-17. Se lo que representa para un futbolista, lo que es vivirlo, las puertas que me abri\u00f3 porque jugu\u00e9 dos mundiales de esa categor\u00eda\u201d, coment\u00f3 emocionada por ese entonces.<\/p>\n<p style=\"text-align: justify;\"><strong>\u00bfPEQUE\u00d1A MARTA?<\/strong><\/p>\n<p style=\"text-align: justify;\">Las comparaciones con la estrella de la selecci\u00f3n de Brasil, Marta Vieira Da Silva, son inevitables. Y es que si bien ambas tienes varios a\u00f1os de distancia, el juego de la oriunda de Macaray es tan parecido al de la brasile\u00f1a que incluso ya la postulan como su recambio seguro.<\/p>\n<p style=\"text-align: justify;\">Pese a esto, la jugadora venezolana se lo toma con tranquilidad, puesto que sabe que solo podr\u00e1 ser como su \u00eddola si contin\u00faa trabajando intensamente como lo ha hecho hasta ahora.<\/p>\n<p style=\"text-align: justify;\">\u201cMi espejo a seguir siempre ha sido Marta. Ella siempre ha sido una inspiraci\u00f3n para m\u00ed y me da mucha ilusi\u00f3n poder jugar contra ella en este torneo\u201d, indic\u00f3.<\/p>\n<p style=\"text-align: justify;\">Complementando con que tambi\u00e9n hay jugadoras como \u201cAlex Morgan, que han sido grandes referentes para m\u00ed en todo momento y me inspiran a seguir.<\/p>\n<p style=\"text-align: justify;\"><strong>COPA AM\u00c9RICA 2018<\/strong><\/p>\n<p style=\"text-align: justify;\">Esta es la segunda vez que la venezolana participa de un evento continental de esta categor\u00eda, raz\u00f3n que la tiene m\u00e1s que motivada. Es m\u00e1s, tan claro tiene los objetivos que quiere cumplir en esta ocasi\u00f3n, que no duda en se\u00f1alar que dar\u00e1 todo de s\u00ed para volver a inscribir su nombre en la historia dorada de un torneo mundial.<\/p>\n<p style=\"text-align: justify;\">\u201cNosotras queremos clasificarnos a todo. A los Panamericanos, Juegos Ol\u00edmpicos pero por sobre todo, al Mundial. Nos hace gran ilusi\u00f3n poder ir a todos los juegos y dar los mejor de nosotras para representar a Venezuela de la mejor manera\u201d, agreg\u00f3 de manera enf\u00e1tica.<\/p>\n<p style=\"text-align: justify;\">Venezuela forma parte del grupo B de la cita continetal junto a Ecuador, Argentina, Bolivia y Brasil, oportunidad en la que la delantera podr\u00e1 cumplir su sue\u00f1o y pelear codo a codo con su gran referente.<\/p>\n<p style=\"text-align: justify;\">Por \u00faltimo, la jugadora se aventur\u00f3 a dar el posible cuadrangular final, y coment\u00f3 que este podr\u00eda ser con \u00a0\u201cBrasil, Venezuela, Colombia y Chile, pero despu\u00e9s veremos qu\u00e9 pasa ya que no quiero subestimar a ning\u00fan rival\u201d.<\/p>\n","protected":false},"excerpt":{"rendered":"<p>Prensa Copa Am\u00e9rica Chile 2018 &#8211; Deyna Castellanos es, hoy por hoy, una de las grandes promesas del f\u00fatbol mundial. Y es que la jugadora venezolana que est\u00e1 pr\u00f3xima a cumplir 19 a\u00f1os, tiene un talento innato con el bal\u00f3n en los pies. Si bien su familia no estuvo de acuerdo en un comienzo con &#8230;<\/p>\n","protected":false},"author":4,"featured_media":36241,"comment_status":"closed","ping_status":"closed","sticky":false,"template":"","format":"standard","meta":{"footnotes":""},"categories":[752,26,3],"tags":[],"class_list":["post-36240","post","type-post","status-publish","format-standard","has-post-thumbnail","hentry","category-appgd","category-seleccion-femenina","category-seleccion-nacional"],"_links":{"self":[{"href":"http:\/\/gradadigital.com\/home\/wp-json\/wp\/v2\/posts\/36240","targetHints":{"allow":["GET"]}}],"collection":[{"href":"http:\/\/gradadigital.com\/home\/wp-json\/wp\/v2\/posts"}],"about":[{"href":"http:\/\/gradadigital.com\/home\/wp-json\/wp\/v2\/types\/post"}],"author":[{"embeddable":true,"href":"http:\/\/gradadigital.com\/home\/wp-json\/wp\/v2\/users\/4"}],"replies":[{"embeddable":true,"href":"http:\/\/gradadigital.com\/home\/wp-json\/wp\/v2\/comments?post=36240"}],"version-history":[{"count":2,"href":"http:\/\/gradadigital.com\/home\/wp-json\/wp\/v2\/posts\/36240\/revisions"}],"predecessor-version":[{"id":36243,"href":"http:\/\/gradadigital.com\/home\/wp-json\/wp\/v2\/posts\/36240\/revisions\/36243"}],"wp:featuredmedia":[{"embeddable":true,"href":"http:\/\/gradadigital.com\/home\/wp-json\/wp\/v2\/media\/36241"}],"wp:attachment":[{"href":"http:\/\/gradadigital.com\/home\/wp-json\/wp\/v2\/media?parent=36240"}],"wp:term":[{"taxonomy":"category","embeddable":true,"href":"http:\/\/gradadigital.com\/home\/wp-json\/wp\/v2\/categories?post=36240"},{"taxonomy":"post_tag","embeddable":true,"href":"http:\/\/gradadigital.com\/home\/wp-json\/wp\/v2\/tags?post=36240"}],"curies":[{"name":"wp","href":"https:\/\/api.w.org\/{rel}","templated":true}]}}