{"id":36197,"date":"2018-03-28T21:32:42","date_gmt":"2018-03-29T02:02:42","guid":{"rendered":"http:\/\/gradadigital.com\/home\/?p=36197"},"modified":"2018-04-13T18:44:59","modified_gmt":"2018-04-13T23:14:59","slug":"dudamel-visita-jugadores-en-chile","status":"publish","type":"post","link":"http:\/\/gradadigital.com\/home\/dudamel-visita-jugadores-en-chile\/","title":{"rendered":"Dudamel visita jugadores en Chile"},"content":{"rendered":"<p style=\"text-align: center;\"><a href=\"http:\/\/gradadigital.com\/home\/wp-content\/uploads\/2018\/03\/caraballo_jose_rafael_dudamel_chile_28032018.jpg\"><img loading=\"lazy\" decoding=\"async\" class=\"alignnone size-full wp-image-36198\" src=\"http:\/\/gradadigital.com\/home\/wp-content\/uploads\/2018\/03\/caraballo_jose_rafael_dudamel_chile_28032018.jpg\" alt=\"\" width=\"682\" height=\"455\" srcset=\"http:\/\/gradadigital.com\/home\/wp-content\/uploads\/2018\/03\/caraballo_jose_rafael_dudamel_chile_28032018.jpg 682w, http:\/\/gradadigital.com\/home\/wp-content\/uploads\/2018\/03\/caraballo_jose_rafael_dudamel_chile_28032018-300x200.jpg 300w\" sizes=\"auto, (max-width: 682px) 100vw, 682px\" \/><\/a><\/p>\n<p style=\"text-align: justify;\"><strong>Stefany Roa &#8211;<\/strong> El seleccionador nacional Rafael Dudamel, al finalizar su compromiso con\u00a0la Selecci\u00f3n Nacional sub-21, en el Cuadrangular Internacional en Asunci\u00f3n, Paraguay, emprendi\u00f3 un viaje para visitar a varios jugadores que se encuentran en Chile.<\/p>\n<p style=\"text-align: justify;\">Inicialmente, se traslad\u00f3 a la localidad de Concepci\u00f3n, para realizar una visita al volante Jos\u00e9 Caraballo. El estratega afirm\u00f3 \u00abRumbo a Qatar para m\u00ed son todos importantes\u00bb, luego de encontrarse con el jugador del Huachipato, de la Primera Divisi\u00f3n de este pa\u00eds.<\/p>\n<p style=\"text-align: justify;\">Posteriormente, la tarde de este martes, Dudamel arrib\u00f3 a la capital chilena para encontrarse con el volante criollo Yeferson Soteldo, y adem\u00e1s, comparti\u00f3\u00a0con el t\u00e9cnico \u00c1ngel Guillermo Hoyos y el cuerpo t\u00e9cnico de la U. de Chile, destacando \u00abSoteldo est\u00e1 rodeado de un equipo de trabajo muy capaz que lo puede seguir potenciando\u00bb.<\/p>\n<p style=\"text-align: center;\"><a href=\"http:\/\/gradadigital.com\/home\/wp-content\/uploads\/2018\/03\/u_chile_rafael_dudamel_28032018.jpg\"><img loading=\"lazy\" decoding=\"async\" class=\"alignnone size-full wp-image-36199\" src=\"http:\/\/gradadigital.com\/home\/wp-content\/uploads\/2018\/03\/u_chile_rafael_dudamel_28032018.jpg\" alt=\"\" width=\"682\" height=\"455\" srcset=\"http:\/\/gradadigital.com\/home\/wp-content\/uploads\/2018\/03\/u_chile_rafael_dudamel_28032018.jpg 682w, http:\/\/gradadigital.com\/home\/wp-content\/uploads\/2018\/03\/u_chile_rafael_dudamel_28032018-300x200.jpg 300w\" sizes=\"auto, (max-width: 682px) 100vw, 682px\" \/><\/a><\/p>\n<p style=\"text-align: justify;\">Finalmente, el estratega coment\u00f3 sobre Soteldo: \u00abLe veo feliz, tiene una gran presi\u00f3n a su alrededor por su rendimiento en Huachipato, lo asume con normalidad, es un jugador Top y estos disfrutan de estas exigencias\u00bb. Con estas incidencias, se dan a conocer los pasos iniciales de la Vinotinto de cara a Qatar 2022.<\/p>\n<p style=\"text-align: center;\"><a href=\"http:\/\/gradadigital.com\/home\/wp-content\/uploads\/2018\/03\/soteldo_yeferson_chile_rafael_dudamel_28032018.jpg\"><img loading=\"lazy\" decoding=\"async\" class=\"alignnone size-full wp-image-36200\" src=\"http:\/\/gradadigital.com\/home\/wp-content\/uploads\/2018\/03\/soteldo_yeferson_chile_rafael_dudamel_28032018.jpg\" alt=\"\" width=\"682\" height=\"455\" srcset=\"http:\/\/gradadigital.com\/home\/wp-content\/uploads\/2018\/03\/soteldo_yeferson_chile_rafael_dudamel_28032018.jpg 682w, http:\/\/gradadigital.com\/home\/wp-content\/uploads\/2018\/03\/soteldo_yeferson_chile_rafael_dudamel_28032018-300x200.jpg 300w\" sizes=\"auto, (max-width: 682px) 100vw, 682px\" \/><\/a><\/p>\n","protected":false},"excerpt":{"rendered":"<p>Stefany Roa &#8211; El seleccionador nacional Rafael Dudamel, al finalizar su compromiso con\u00a0la Selecci\u00f3n Nacional sub-21, en el Cuadrangular Internacional en Asunci\u00f3n, Paraguay, emprendi\u00f3 un viaje para visitar a varios jugadores que se encuentran en Chile. Inicialmente, se traslad\u00f3 a la localidad de Concepci\u00f3n, para realizar una visita al volante Jos\u00e9 Caraballo. El estratega afirm\u00f3 &#8230;<\/p>\n","protected":false},"author":8,"featured_media":36198,"comment_status":"closed","ping_status":"closed","sticky":false,"template":"","format":"standard","meta":{"footnotes":""},"categories":[752,5,4,31,40],"tags":[],"class_list":["post-36197","post","type-post","status-publish","format-standard","has-post-thumbnail","hentry","category-appgd","category-futbol-nacional","category-legionarios","category-primera-division","category-seleccion-nacional-mayores"],"_links":{"self":[{"href":"http:\/\/gradadigital.com\/home\/wp-json\/wp\/v2\/posts\/36197","targetHints":{"allow":["GET"]}}],"collection":[{"href":"http:\/\/gradadigital.com\/home\/wp-json\/wp\/v2\/posts"}],"about":[{"href":"http:\/\/gradadigital.com\/home\/wp-json\/wp\/v2\/types\/post"}],"author":[{"embeddable":true,"href":"http:\/\/gradadigital.com\/home\/wp-json\/wp\/v2\/users\/8"}],"replies":[{"embeddable":true,"href":"http:\/\/gradadigital.com\/home\/wp-json\/wp\/v2\/comments?post=36197"}],"version-history":[{"count":2,"href":"http:\/\/gradadigital.com\/home\/wp-json\/wp\/v2\/posts\/36197\/revisions"}],"predecessor-version":[{"id":36306,"href":"http:\/\/gradadigital.com\/home\/wp-json\/wp\/v2\/posts\/36197\/revisions\/36306"}],"wp:featuredmedia":[{"embeddable":true,"href":"http:\/\/gradadigital.com\/home\/wp-json\/wp\/v2\/media\/36198"}],"wp:attachment":[{"href":"http:\/\/gradadigital.com\/home\/wp-json\/wp\/v2\/media?parent=36197"}],"wp:term":[{"taxonomy":"category","embeddable":true,"href":"http:\/\/gradadigital.com\/home\/wp-json\/wp\/v2\/categories?post=36197"},{"taxonomy":"post_tag","embeddable":true,"href":"http:\/\/gradadigital.com\/home\/wp-json\/wp\/v2\/tags?post=36197"}],"curies":[{"name":"wp","href":"https:\/\/api.w.org\/{rel}","templated":true}]}}