{"id":36194,"date":"2018-03-28T20:45:08","date_gmt":"2018-03-29T01:15:08","guid":{"rendered":"http:\/\/gradadigital.com\/home\/?p=36194"},"modified":"2018-03-28T20:45:08","modified_gmt":"2018-03-29T01:15:08","slug":"gabriela-garcia-estamos-remando-hacia-un-mismo-objetivo-ir-a-la-copa-del-mundo","status":"publish","type":"post","link":"http:\/\/gradadigital.com\/home\/gabriela-garcia-estamos-remando-hacia-un-mismo-objetivo-ir-a-la-copa-del-mundo\/","title":{"rendered":"Gabriela Garc\u00eda: \u00abEstamos remando hacia un mismo objetivo: ir a la Copa del Mundo\u00bb"},"content":{"rendered":"<p style=\"text-align: center;\"><a href=\"http:\/\/gradadigital.com\/home\/wp-content\/uploads\/2018\/03\/gabriela_garc\u00eda_femenino_vinotinto_copa_am\u00e9rica_28032018.jpg\"><img loading=\"lazy\" decoding=\"async\" class=\"alignnone size-full wp-image-36195\" src=\"http:\/\/gradadigital.com\/home\/wp-content\/uploads\/2018\/03\/gabriela_garc\u00eda_femenino_vinotinto_copa_am\u00e9rica_28032018.jpg\" alt=\"\" width=\"682\" height=\"455\" srcset=\"http:\/\/gradadigital.com\/home\/wp-content\/uploads\/2018\/03\/gabriela_garc\u00eda_femenino_vinotinto_copa_am\u00e9rica_28032018.jpg 682w, http:\/\/gradadigital.com\/home\/wp-content\/uploads\/2018\/03\/gabriela_garc\u00eda_femenino_vinotinto_copa_am\u00e9rica_28032018-300x200.jpg 300w\" sizes=\"auto, (max-width: 682px) 100vw, 682px\" \/><\/a><\/p>\n<p style=\"text-align: justify;\"><strong>Prensa Femenino FVF &#8211;\u00a0<\/strong>La selecci\u00f3n nacional absoluta mantiene sus entrenamientos en el Centro Nacional de Alto Rendimiento, ubicado en la Isla de Margarita, de cara a su participaci\u00f3n en la Copa Am\u00e9rica Femenina Chile 2018, evento que otorgar\u00e1 dos cupos y un repechaje al Mundial de la categor\u00eda, que se disputar\u00e1 en Francia en 2019.<\/p>\n<p style=\"text-align: justify;\">El combinado criollo, que estar\u00e1 bajo el mando del director t\u00e9cnico Jos\u00e9 Catoya, contar\u00e1 con un grupo de jugadoras que vienen de los diferentes procesos mundialistas que ha tenido Venezuela desde el proceso de 2010, y en el que 21 de sus 22 convocadas militan en clubes internacionales.<\/p>\n<p style=\"text-align: justify;\"><strong>\u00abEste es el grupo m\u00e1s exitoso que ha reunido Venezuela. Tenemos jugadoras de larga experiencia y las que venimos saliendo de los procesos sub-20 ya tenemos un par de a\u00f1os jugando fuera del pa\u00eds\u00bb,<\/strong> indic\u00f3 Gabriela Garc\u00eda, quien viste la camiseta del Real Club Deportivo La Coru\u00f1a de Espa\u00f1a.<\/p>\n<p style=\"text-align: justify;\">La delantera de Tunapuy, Sucre, mostr\u00f3 su alegr\u00eda por volver a vestir la camiseta Vinotinto y manifest\u00f3 que la primera impresi\u00f3n que se llev\u00f3 de sus compa\u00f1eras la dej\u00f3 satisfecha. <strong>\u00abPude observar que todas las jugadoras est\u00e1n mentalizadas y comprometidas, que estamos remando hacia un mismo objetivo: conseguir la clasificaci\u00f3n a la Copa del Mundo\u00bb<\/strong>, asegur\u00f3 la Bota de Oro en el Mundial sub-17 Costa Rica 2014.<\/p>\n<p style=\"text-align: justify;\">Para Garc\u00eda, la Copa Am\u00e9rica representa uno de los retos m\u00e1s grande de su carrera, pues sabe que es una categor\u00eda donde el nivel futbol\u00edstico es de primera. <strong>\u00abEstamos conscientes de la competencia que afrontamos, pero nosotras debemos ir partido a partido, tenemos un gran grupo, tanto as\u00ed que hoy por hoy cualquiera puede empezar desde el banco; imagino lo re\u00f1ida que est\u00e1 esta selecci\u00f3n\u00bb,<\/strong> apunt\u00f3.<\/p>\n<p style=\"text-align: justify;\">Venezuela partir\u00e1 a Caracas este viernes 30 de marzo para luego emprender su larga traves\u00eda hasta Chile, y una vez en suelo austral, el elenco criollo se movilizar\u00e1 hasta Coquimbo, donde disputar\u00e1 todos sus partidos de la fase de grupos.<\/p>\n","protected":false},"excerpt":{"rendered":"<p>Prensa Femenino FVF &#8211;\u00a0La selecci\u00f3n nacional absoluta mantiene sus entrenamientos en el Centro Nacional de Alto Rendimiento, ubicado en la Isla de Margarita, de cara a su participaci\u00f3n en la Copa Am\u00e9rica Femenina Chile 2018, evento que otorgar\u00e1 dos cupos y un repechaje al Mundial de la categor\u00eda, que se disputar\u00e1 en Francia en 2019. &#8230;<\/p>\n","protected":false},"author":8,"featured_media":36195,"comment_status":"closed","ping_status":"closed","sticky":false,"template":"","format":"standard","meta":{"footnotes":""},"categories":[752,41,26,3],"tags":[],"class_list":["post-36194","post","type-post","status-publish","format-standard","has-post-thumbnail","hentry","category-appgd","category-futbol-femenino","category-seleccion-femenina","category-seleccion-nacional"],"_links":{"self":[{"href":"http:\/\/gradadigital.com\/home\/wp-json\/wp\/v2\/posts\/36194","targetHints":{"allow":["GET"]}}],"collection":[{"href":"http:\/\/gradadigital.com\/home\/wp-json\/wp\/v2\/posts"}],"about":[{"href":"http:\/\/gradadigital.com\/home\/wp-json\/wp\/v2\/types\/post"}],"author":[{"embeddable":true,"href":"http:\/\/gradadigital.com\/home\/wp-json\/wp\/v2\/users\/8"}],"replies":[{"embeddable":true,"href":"http:\/\/gradadigital.com\/home\/wp-json\/wp\/v2\/comments?post=36194"}],"version-history":[{"count":1,"href":"http:\/\/gradadigital.com\/home\/wp-json\/wp\/v2\/posts\/36194\/revisions"}],"predecessor-version":[{"id":36196,"href":"http:\/\/gradadigital.com\/home\/wp-json\/wp\/v2\/posts\/36194\/revisions\/36196"}],"wp:featuredmedia":[{"embeddable":true,"href":"http:\/\/gradadigital.com\/home\/wp-json\/wp\/v2\/media\/36195"}],"wp:attachment":[{"href":"http:\/\/gradadigital.com\/home\/wp-json\/wp\/v2\/media?parent=36194"}],"wp:term":[{"taxonomy":"category","embeddable":true,"href":"http:\/\/gradadigital.com\/home\/wp-json\/wp\/v2\/categories?post=36194"},{"taxonomy":"post_tag","embeddable":true,"href":"http:\/\/gradadigital.com\/home\/wp-json\/wp\/v2\/tags?post=36194"}],"curies":[{"name":"wp","href":"https:\/\/api.w.org\/{rel}","templated":true}]}}