{"id":35987,"date":"2018-03-04T22:20:22","date_gmt":"2018-03-05T02:50:22","guid":{"rendered":"http:\/\/gradadigital.com\/home\/?p=35987"},"modified":"2018-03-06T16:36:59","modified_gmt":"2018-03-06T21:06:59","slug":"enoffside-la-noche-de-los-oscars-coronaron-a-del-toro-y-su-obra-the-shape-of-water","status":"publish","type":"post","link":"http:\/\/gradadigital.com\/home\/enoffside-la-noche-de-los-oscars-coronaron-a-del-toro-y-su-obra-the-shape-of-water\/","title":{"rendered":"EnOffside! | La noche de los Oscars coronaron a Del Toro y su obra \u00abThe Shape of Water\u00bb"},"content":{"rendered":"<p style=\"text-align: center;\"><img loading=\"lazy\" decoding=\"async\" class=\"alignnone wp-image-35988 size-full\" src=\"http:\/\/gradadigital.com\/home\/wp-content\/uploads\/2018\/03\/guillermo_del_toro_premio_oscar_04032018_01.jpg\" alt=\"\" width=\"682\" height=\"455\" srcset=\"http:\/\/gradadigital.com\/home\/wp-content\/uploads\/2018\/03\/guillermo_del_toro_premio_oscar_04032018_01.jpg 682w, http:\/\/gradadigital.com\/home\/wp-content\/uploads\/2018\/03\/guillermo_del_toro_premio_oscar_04032018_01-300x200.jpg 300w\" sizes=\"auto, (max-width: 682px) 100vw, 682px\" \/><\/p>\n<p style=\"text-align: justify;\"><strong>EFE &#8211;<\/strong> Las mujeres y las proclamas feministas brillaron este domingo en los \u00d3scar, unos premios sin grandes sorpresas que sirvieron a Hollywood para redimirse por los incontables esc\u00e1ndalos sexuales en su seno y para olvidar el bochornoso error de la ceremonia del a\u00f1o pasado.<\/p>\n<p style=\"text-align: justify;\">Entretenida, pero sin ser muy divertida o espectacular, y pol\u00edtica, aunque sin potentes discursos que pasen a la historia, la 90 edici\u00f3n de los \u00d3scar tuvo un palmar\u00e9s previsible y cedi\u00f3 su foco de atenci\u00f3n a las mujeres, despu\u00e9s de que movimientos como \u201cMe Too\u201d (Yo tambi\u00e9n) o \u201cTime\u2019s Up\u201d (Se acab\u00f3 el tiempo) hayan gritado contra el machismo y reclamado la igualdad.<\/p>\n<p style=\"text-align: justify;\">Frances McDormand, \u00d3scar a la mejor actriz por \u201cThree Billboards\u201d, dej\u00f3 uno de los momentos m\u00e1s emocionantes de la noche al pedir a todas las mujeres nominadas al \u00d3scar que se pusieran en pie.<\/p>\n<p style=\"text-align: justify;\">\u201cTodas tenemos historias que contar y proyectos que necesitan financiaci\u00f3n. Pero no nos hablen (de eso) en las fiestas de esta noche. Inv\u00edtennos a sus oficinas en un par de d\u00edas o pueden venir a las nuestras, lo que prefieran\u201d, se\u00f1al\u00f3 en el discurso m\u00e1s ovacionado de la velada. Cabe mencionar que la categor\u00eda de mejor actor de la llev\u00f3 el ingl\u00e9s Gary Oldman, por su interpretaci\u00f3n en la cinta \u201cDarkest Hour\u201d. Sam Rockwell y Allison Janney ganaron como actor y actriz de reparto, gracias a sus participaciones en \u201cThree Billboards Outside Ebbing Missouri\u201d y \u201cI, Tonya\u201d, respectivamente.<\/p>\n<p style=\"text-align: justify;\">Cuatro estrellas femeninas como Jane Fonda, Helen Mirren, Jennifer Lawrence y Jodie Foster presentaron los premios a mejor actor y mejor actriz.<\/p>\n<p style=\"text-align: justify;\">Lo habitual es que el ganador del \u00d3scar a mejor actor entregue al a\u00f1o siguiente el de mejor actriz, pero Casey Affleck, triunfador en 2017 por \u201cManchester By The Sea\u201d, renunci\u00f3 a esta tradici\u00f3n ante las protestas por un antiguo caso de acoso sexual.<\/p>\n<p style=\"text-align: justify;\">\u201cEs un nuevo d\u00eda en Hollywood con desaf\u00edos para todas nosotras, pero nadie olvidar\u00e1 jam\u00e1s aquellas que vinieron antes que nosotras, aquellas que abrieron camino para mi generaci\u00f3n y quienes vengan detr\u00e1s\u201d, dijo Lawrence.<\/p>\n<p style=\"text-align: justify;\">Emma Stone, que entreg\u00f3 el \u00d3scar a mejor director para Guillermo del Toro, elogi\u00f3 en su presentaci\u00f3n a la \u00fanica mujer nominada: \u201cEstos cuatro hombres y Greta Gerwig crearon obras maestras este a\u00f1o\u201d.<\/p>\n<p style=\"text-align: justify;\">Adem\u00e1s, Salma Hayek, Ashley Judd y Annabella Sciorra, tres v\u00edctimas de acoso sexual por parte de Harvey Weinstein, reivindicaron el movimiento \u201cMe Too\u201d. \u201cLos cambios que estamos viendo est\u00e1n dirigidos por nuevas voces poderosas, voces diferentes. Unirnos es un coro maravilloso para decir finalmente que el tiempo (de los abusos) se ha acabado\u201d, declar\u00f3 Sciorra.<\/p>\n<p style=\"text-align: justify;\">Jimmy Kimmel, que regresaba como maestro de ceremonias a los \u00d3scar, aprovech\u00f3 su felicitaci\u00f3n a Del Toro y \u201cThe Shape of Water\u201d para abordar los esc\u00e1ndalos sexuales. \u201cGracias a Guillermo recordaremos por siempre este a\u00f1o como el a\u00f1o en el que los hombres la cagaron tanto que las mujeres empezaron a salir con peces\u201d, se\u00f1al\u00f3.<\/p>\n<p style=\"text-align: justify;\">\u201cEl mundo nos est\u00e1 mirando. Tenemos que dar ejemplo\u201d, dijo Kimmel, en tono m\u00e1s serio, al sostener que \u201cMe Too\u201d y \u201cTime\u2019s Up\u201d est\u00e1n consiguiendo \u201cun cambio positivo\u201d.<\/p>\n<p style=\"text-align: justify;\"><strong>En ocasi\u00f3n de su novena d\u00e9cada\u2026 y del error del sobre<\/strong><br \/>\nCon un decorado muy barroco y repleto de brillos en el teatro Dolby de Los \u00c1ngeles, los \u00d3scar jugaron la baza de la nostalgia por sus 90 a\u00f1os en una gala en la que abundaron los videos recordando hitos del s\u00e9ptimo arte.<\/p>\n<p style=\"text-align: justify;\">Menos incisivo e inspirado que en 2017, Kimmel acert\u00f3 con una broma al llevarse a estrellas como Gal Gadot o Emily Blunt a sorprender a los espectadores que estaban disfrutando de una pel\u00edcula en un cine cercano.<\/p>\n<p style=\"text-align: justify;\">\u201cCuando oigan su nombre no se levanten de inmediato. Dennos un minuto. No queremos otra \u2018cosa&#8217;\u201d, afirm\u00f3 Kimmel en alusi\u00f3n al desgraciado colof\u00f3n del a\u00f1o pasado, cuando \u201cLa La Land\u201d fue declarada ganadora del \u00d3scar a mejor pel\u00edcula pese a que, en realidad, \u201cMoonlight\u201d era la vencedora.<\/p>\n<p style=\"text-align: justify;\">Los \u00d3scar se encargaron de redimir tambi\u00e9n a Warren Beatty y Faye Dunaway, que volvieron este a\u00f1o a anunciar el \u00d3scar a mejor pel\u00edcula.<\/p>\n<p style=\"text-align: justify;\">\u201cEs un gran placer verlos de nuevo\u201d, coment\u00f3 con iron\u00eda Beatty, quien, cuando subi\u00f3 Del Toro a recoger el \u00d3scar a mejor pel\u00edcula por \u201cThe Shape of Water\u201d, le inst\u00f3 a que comprobara que, en efecto, su nombre estaba en la cartulina.<\/p>\n<p style=\"text-align: justify;\">Y un h\u00e9roe de \u201cStar Wars\u201d como Mark Hamill mostr\u00f3 su vis c\u00f3mica al abrir un sobre para desvelar uno de los ganadores: \u201cNo digas \u2018La La Land\u2019, no digas \u2018La La Land&#8217;\u201d.<\/p>\n<p style=\"text-align: justify;\">El respeto a los inmigrantes tambi\u00e9n fue un tema central de la noche. \u201cSoy un inmigrante, como Alfonso (Cuar\u00f3n), como Alejandro (Gonz\u00e1lez I\u00f1\u00e1rritu), como mis compadres y como muchos de ustedes\u201d, dijo Del toro.<\/p>\n<p style=\"text-align: justify;\">\u201cLo mejor de nuestro arte es que borra las l\u00edneas en la arena. Hay que seguir haciendo eso cuando el mundo nos dice que las hagamos m\u00e1s profundas\u201d, a\u00f1adi\u00f3 el cineasta.<\/p>\n<p style=\"text-align: justify;\">\u201cA todos los \u2018dreamers\u2019 (so\u00f1adores) ah\u00ed fuera, estamos con ustedes\u201d, dijeron Lupita Nyong\u2019o, actriz keniana nacida en M\u00e9xico, y Kumail Nanjiani, originario de Pakist\u00e1n, como muestra de apoyo a los dreamers, los cientos de miles de j\u00f3venes indocumentados que llegaron a EE.UU. de ni\u00f1os y que dependen de la protecci\u00f3n del programa de Acci\u00f3n Diferida para los Llegados en la Infancia (DACA).<\/p>\n<p style=\"text-align: justify;\">Y Rachel Shenton, ganadora junto a Chris Overton del \u00d3scar al mejor cortometraje por \u201cThe Silent Child\u201d, dio forma a un tierno momento al pronunciar su discurso en lengua de signos como homenaje a los ni\u00f1os sordos.<\/p>\n","protected":false},"excerpt":{"rendered":"<p>EFE &#8211; Las mujeres y las proclamas feministas brillaron este domingo en los \u00d3scar, unos premios sin grandes sorpresas que sirvieron a Hollywood para redimirse por los incontables esc\u00e1ndalos sexuales en su seno y para olvidar el bochornoso error de la ceremonia del a\u00f1o pasado. Entretenida, pero sin ser muy divertida o espectacular, y pol\u00edtica, &#8230;<\/p>\n","protected":false},"author":4,"featured_media":35989,"comment_status":"closed","ping_status":"closed","sticky":false,"template":"","format":"standard","meta":{"footnotes":""},"categories":[752,1879],"tags":[],"class_list":["post-35987","post","type-post","status-publish","format-standard","has-post-thumbnail","hentry","category-appgd","category-en-offside"],"_links":{"self":[{"href":"http:\/\/gradadigital.com\/home\/wp-json\/wp\/v2\/posts\/35987","targetHints":{"allow":["GET"]}}],"collection":[{"href":"http:\/\/gradadigital.com\/home\/wp-json\/wp\/v2\/posts"}],"about":[{"href":"http:\/\/gradadigital.com\/home\/wp-json\/wp\/v2\/types\/post"}],"author":[{"embeddable":true,"href":"http:\/\/gradadigital.com\/home\/wp-json\/wp\/v2\/users\/4"}],"replies":[{"embeddable":true,"href":"http:\/\/gradadigital.com\/home\/wp-json\/wp\/v2\/comments?post=35987"}],"version-history":[{"count":1,"href":"http:\/\/gradadigital.com\/home\/wp-json\/wp\/v2\/posts\/35987\/revisions"}],"predecessor-version":[{"id":35990,"href":"http:\/\/gradadigital.com\/home\/wp-json\/wp\/v2\/posts\/35987\/revisions\/35990"}],"wp:featuredmedia":[{"embeddable":true,"href":"http:\/\/gradadigital.com\/home\/wp-json\/wp\/v2\/media\/35989"}],"wp:attachment":[{"href":"http:\/\/gradadigital.com\/home\/wp-json\/wp\/v2\/media?parent=35987"}],"wp:term":[{"taxonomy":"category","embeddable":true,"href":"http:\/\/gradadigital.com\/home\/wp-json\/wp\/v2\/categories?post=35987"},{"taxonomy":"post_tag","embeddable":true,"href":"http:\/\/gradadigital.com\/home\/wp-json\/wp\/v2\/tags?post=35987"}],"curies":[{"name":"wp","href":"https:\/\/api.w.org\/{rel}","templated":true}]}}