{"id":3590,"date":"2013-08-15T09:49:15","date_gmt":"2013-08-15T14:19:15","guid":{"rendered":"http:\/\/gradadigital.com\/home\/?p=3590"},"modified":"2013-08-15T09:49:15","modified_gmt":"2013-08-15T14:19:15","slug":"farias-se-lo-que-vamos-a-conseguir-especialmente-en-ese-partido-contra-chile","status":"publish","type":"post","link":"http:\/\/gradadigital.com\/home\/farias-se-lo-que-vamos-a-conseguir-especialmente-en-ese-partido-contra-chile\/","title":{"rendered":"Far\u00edas: \u00abS\u00e9 lo que vamos a conseguir especialmente en ese partido contra Chile\u00bb"},"content":{"rendered":"<div style=\"text-align: center;\"><img loading=\"lazy\" decoding=\"async\" class=\"alignnone size-full wp-image-3591\" alt=\"cesar_farias_sancistobal_venezuela_bolivia_14082013\" src=\"http:\/\/gradadigital.com\/home\/wp-content\/uploads\/2013\/08\/cesar_farias_sancistobal_venezuela_bolivia_14082013.jpg\" width=\"596\" height=\"346\" srcset=\"http:\/\/gradadigital.com\/home\/wp-content\/uploads\/2013\/08\/cesar_farias_sancistobal_venezuela_bolivia_14082013.jpg 596w, http:\/\/gradadigital.com\/home\/wp-content\/uploads\/2013\/08\/cesar_farias_sancistobal_venezuela_bolivia_14082013-300x174.jpg 300w\" sizes=\"auto, (max-width: 596px) 100vw, 596px\" \/><\/div>\n<div style=\"text-align: justify;\"><\/div>\n<div id=\"stcpDiv\" style=\"text-align: justify;\"><strong>GradaDigital.com (Con informaci\u00f3n de Silvanna Panzarelli, San Crist\u00f3bal) &#8211;<\/strong> El seleccionador nacional, C\u00e9sar Far\u00edas, sac\u00f3 buenas apreciaciones tras el empate de Venezuela ante Bolivia, por el encuentro amistoso escenificado en San Crist\u00f3bal. De cara al encuentro ante Chile y Per\u00fa, el estratega resalt\u00f3 la superioridad en buscar el arco contrario, el empuje de los jugadores, y el agradecimiento a la afici\u00f3n.<\/div>\n<p style=\"text-align: justify;\"><strong>\u201cNos damos cuenta que generamos muchas ocasiones, que nosotros produc\u00edamos el f\u00fatbol y que no nos \u00edbamos a entregar. Hay muchas cosas para rescatar. Jugamos muy bien al f\u00fatbol y nos desplazamos bien. Tuvimos la pelota inmensamente m\u00e1s minutos que el rival, y en su cancha, que tambi\u00e9n es una manera de defender\u201d,<\/strong> expres\u00f3 Far\u00edas en rueda de prensa minutos despu\u00e9s de culminado el encuentro.<\/p>\n<p style=\"text-align: justify;\">El estratega resalt\u00f3 sus preocupaciones en<strong> \u201cel hecho de que patearon dos veces al arco y metieron dos goles\u201d<\/strong>, pero a pesar de ello, resalta que la defensa de Venezuela es <strong>\u201cm\u00e1s s\u00f3lida que la de los rivales que nos toca enfrentar, incluso m\u00e1s fuerte que la de los equipos que disputan con nosotros la opci\u00f3n de clasificar al Mundial\u201d.<\/strong><\/p>\n<p style=\"text-align: justify;\">Al ser consultado sobre el rendimiento de Yohandry Orozco, concluy\u00f3 que <strong>\u201ces obvio que si meti\u00f3 un gol, todas las luces se posen sobre \u00e9l, sin embargo, hubo jugadores que tuvieron un rendimiento m\u00e1s destacado a lo largo de los noventa minutos\u201d.<\/strong><\/p>\n<p style=\"text-align: justify;\">Sus palabras de elogios a la afici\u00f3n de San Crist\u00f3bal fueron reiteradas varias veces durante la rueda de prensa. <strong>\u201cHoy hasta el p\u00fablico ayud\u00f3, que empuj\u00f3 y alent\u00f3 durante todo el partido. Incluso, aun con el marcador en contra, siguieron apoyando. Aparte de eso, siempre hubo un clima de respeto hacia la selecci\u00f3n por parte del pueblo tachirense y eso se agradece\u201d.<\/strong><\/p>\n<p style=\"text-align: justify;\">Por lo pronto, el seleccionador fue optimista sobre los siguientes encuentros. <strong>\u201cS\u00e9 lo que vamos a conseguir, especialmente en ese partido contra Chile\u201d<\/strong>, coment\u00f3 Far\u00edas con la confianza de que la selecci\u00f3n mostrar\u00e1 un rostro distinto en las eliminatorias, basado en los encuentros en que la selecci\u00f3n se ha crecido. <strong>\u201cEn los partidos de eliminatoria, tenemos que jugar con m\u00e1s raza. Este fue un amistoso, en condiciones distintas\u201d<\/strong>, agreg\u00f3.<\/p>\n","protected":false},"excerpt":{"rendered":"<p>GradaDigital.com (Con informaci\u00f3n de Silvanna Panzarelli, San Crist\u00f3bal) &#8211; El seleccionador nacional, C\u00e9sar Far\u00edas, sac\u00f3 buenas apreciaciones tras el empate de Venezuela ante Bolivia, por el encuentro amistoso escenificado en San Crist\u00f3bal. De cara al encuentro ante Chile y Per\u00fa, el estratega resalt\u00f3 la superioridad en buscar el arco contrario, el empuje de los jugadores, &#8230;<\/p>\n","protected":false},"author":4,"featured_media":3591,"comment_status":"closed","ping_status":"closed","sticky":false,"template":"","format":"standard","meta":{"footnotes":""},"categories":[40,3],"tags":[],"class_list":["post-3590","post","type-post","status-publish","format-standard","has-post-thumbnail","hentry","category-seleccion-nacional-mayores","category-seleccion-nacional"],"_links":{"self":[{"href":"http:\/\/gradadigital.com\/home\/wp-json\/wp\/v2\/posts\/3590","targetHints":{"allow":["GET"]}}],"collection":[{"href":"http:\/\/gradadigital.com\/home\/wp-json\/wp\/v2\/posts"}],"about":[{"href":"http:\/\/gradadigital.com\/home\/wp-json\/wp\/v2\/types\/post"}],"author":[{"embeddable":true,"href":"http:\/\/gradadigital.com\/home\/wp-json\/wp\/v2\/users\/4"}],"replies":[{"embeddable":true,"href":"http:\/\/gradadigital.com\/home\/wp-json\/wp\/v2\/comments?post=3590"}],"version-history":[{"count":2,"href":"http:\/\/gradadigital.com\/home\/wp-json\/wp\/v2\/posts\/3590\/revisions"}],"predecessor-version":[{"id":3593,"href":"http:\/\/gradadigital.com\/home\/wp-json\/wp\/v2\/posts\/3590\/revisions\/3593"}],"wp:featuredmedia":[{"embeddable":true,"href":"http:\/\/gradadigital.com\/home\/wp-json\/wp\/v2\/media\/3591"}],"wp:attachment":[{"href":"http:\/\/gradadigital.com\/home\/wp-json\/wp\/v2\/media?parent=3590"}],"wp:term":[{"taxonomy":"category","embeddable":true,"href":"http:\/\/gradadigital.com\/home\/wp-json\/wp\/v2\/categories?post=3590"},{"taxonomy":"post_tag","embeddable":true,"href":"http:\/\/gradadigital.com\/home\/wp-json\/wp\/v2\/tags?post=3590"}],"curies":[{"name":"wp","href":"https:\/\/api.w.org\/{rel}","templated":true}]}}