{"id":35825,"date":"2018-02-20T22:57:44","date_gmt":"2018-02-21T03:27:44","guid":{"rendered":"http:\/\/gradadigital.com\/home\/?p=35825"},"modified":"2018-02-20T22:57:44","modified_gmt":"2018-02-21T03:27:44","slug":"estudiantes-de-caracas-se-pronuncia-ante-los-hechos-frente-al-atletico-venezuela","status":"publish","type":"post","link":"http:\/\/gradadigital.com\/home\/estudiantes-de-caracas-se-pronuncia-ante-los-hechos-frente-al-atletico-venezuela\/","title":{"rendered":"Estudiantes de Caracas se pronuncia ante los hechos frente al Atl\u00e9tico Venezuela"},"content":{"rendered":"<p style=\"text-align: center;\"><img loading=\"lazy\" decoding=\"async\" class=\"alignnone wp-image-24644 size-full\" src=\"http:\/\/gradadigital.com\/home\/wp-content\/uploads\/2016\/02\/aficionada_estudiantescaracas_urena_18022016.jpg\" alt=\"\" width=\"682\" height=\"455\" srcset=\"http:\/\/gradadigital.com\/home\/wp-content\/uploads\/2016\/02\/aficionada_estudiantescaracas_urena_18022016.jpg 682w, http:\/\/gradadigital.com\/home\/wp-content\/uploads\/2016\/02\/aficionada_estudiantescaracas_urena_18022016-300x200.jpg 300w\" sizes=\"auto, (max-width: 682px) 100vw, 682px\" \/><\/p>\n<p style=\"text-align: justify;\"><strong>GradaDigital.com &#8211;<\/strong> El elenco \u00abBlanco\u00bb, Estudiantes de Caracas, se pronunci\u00f3 tras los hechos acontecidos el pasado domingo ante Atl\u00e9tico Venezuela, que finaliz\u00f3 con irregularidades tras el pol\u00e9mico arbitraje del \u00e1rbitro, Anderson Tovar, y la derrota ante los \u00abnacionales\u00bb.<\/p>\n<p style=\"text-align: justify;\">A continuaci\u00f3n el comunicado de prensa:<\/p>\n<blockquote>\n<p style=\"text-align: justify;\">La tarde del domingo 18 de febrero de 2018, Atl\u00e9tico Venezuela y Estudiantes de Caracas disputaron el partido correspondiente a la jornada cuatro del Torneo Apertura de la Primera Divisi\u00f3n en el Estadio Br\u00edgido Iriarte ubicado en El Para\u00edso, Distrito Capital, el cual culmin\u00f3 en una situaci\u00f3n irregular que comenz\u00f3 debido a una pol\u00e9mica actuaci\u00f3n por parte de la terna arbitral asignada para el compromiso.<\/p>\n<p style=\"text-align: justify;\">Estudiantes de Caracas se ha caracterizado, desde su fundaci\u00f3n en el a\u00f1o 2010, por tener los valores de la uni\u00f3n y el respeto como insignia. Por tal raz\u00f3n, aclaramos que nuestra instituci\u00f3n rechaza cualquier acto de violencia dentro y fuera de la cancha y lamenta profundamente los hechos ocurridos ayer al final del compromiso en el coso de El Para\u00edso.<\/p>\n<p style=\"text-align: justify;\">De igual forma nos mostramos en desacuerdo con las decisiones arbitrales y las acciones tomadas por parte del cuerpo t\u00e9cnico del equipo rival las cuales generaron que se desatara dicha situaci\u00f3n entre ambos equipos e invitamos tanto a jugadores como a los componentes de cuerpos t\u00e9cnicos y directivas a seguir creando buenos lazos y relaciones en pro del f\u00fatbol venezolano y su crecimiento.<\/p>\n<\/blockquote>\n","protected":false},"excerpt":{"rendered":"<p>GradaDigital.com &#8211; El elenco \u00abBlanco\u00bb, Estudiantes de Caracas, se pronunci\u00f3 tras los hechos acontecidos el pasado domingo ante Atl\u00e9tico Venezuela, que finaliz\u00f3 con irregularidades tras el pol\u00e9mico arbitraje del \u00e1rbitro, Anderson Tovar, y la derrota ante los \u00abnacionales\u00bb. A continuaci\u00f3n el comunicado de prensa: La tarde del domingo 18 de febrero de 2018, Atl\u00e9tico Venezuela &#8230;<\/p>\n","protected":false},"author":4,"featured_media":24644,"comment_status":"closed","ping_status":"closed","sticky":false,"template":"","format":"standard","meta":{"footnotes":""},"categories":[752,1876,5,31],"tags":[],"class_list":["post-35825","post","type-post","status-publish","format-standard","has-post-thumbnail","hentry","category-appgd","category-estudiantes-de-caracas","category-futbol-nacional","category-primera-division"],"_links":{"self":[{"href":"http:\/\/gradadigital.com\/home\/wp-json\/wp\/v2\/posts\/35825","targetHints":{"allow":["GET"]}}],"collection":[{"href":"http:\/\/gradadigital.com\/home\/wp-json\/wp\/v2\/posts"}],"about":[{"href":"http:\/\/gradadigital.com\/home\/wp-json\/wp\/v2\/types\/post"}],"author":[{"embeddable":true,"href":"http:\/\/gradadigital.com\/home\/wp-json\/wp\/v2\/users\/4"}],"replies":[{"embeddable":true,"href":"http:\/\/gradadigital.com\/home\/wp-json\/wp\/v2\/comments?post=35825"}],"version-history":[{"count":1,"href":"http:\/\/gradadigital.com\/home\/wp-json\/wp\/v2\/posts\/35825\/revisions"}],"predecessor-version":[{"id":35826,"href":"http:\/\/gradadigital.com\/home\/wp-json\/wp\/v2\/posts\/35825\/revisions\/35826"}],"wp:featuredmedia":[{"embeddable":true,"href":"http:\/\/gradadigital.com\/home\/wp-json\/wp\/v2\/media\/24644"}],"wp:attachment":[{"href":"http:\/\/gradadigital.com\/home\/wp-json\/wp\/v2\/media?parent=35825"}],"wp:term":[{"taxonomy":"category","embeddable":true,"href":"http:\/\/gradadigital.com\/home\/wp-json\/wp\/v2\/categories?post=35825"},{"taxonomy":"post_tag","embeddable":true,"href":"http:\/\/gradadigital.com\/home\/wp-json\/wp\/v2\/tags?post=35825"}],"curies":[{"name":"wp","href":"https:\/\/api.w.org\/{rel}","templated":true}]}}