{"id":35660,"date":"2018-02-15T10:03:09","date_gmt":"2018-02-15T14:33:09","guid":{"rendered":"http:\/\/gradadigital.com\/home\/?p=35660"},"modified":"2018-02-15T20:32:12","modified_gmt":"2018-02-16T01:02:12","slug":"la-vinotinto-derroto-a-estudiantes-de-merida","status":"publish","type":"post","link":"http:\/\/gradadigital.com\/home\/la-vinotinto-derroto-a-estudiantes-de-merida\/","title":{"rendered":"La Vinotinto derrot\u00f3 a Estudiantes de M\u00e9rida"},"content":{"rendered":"<p style=\"text-align: center;\"><img loading=\"lazy\" decoding=\"async\" class=\"alignnone wp-image-35661 size-full\" src=\"http:\/\/gradadigital.com\/home\/wp-content\/uploads\/2018\/02\/venezuela_estudiantesdemerida_14022018.jpg\" alt=\"\" width=\"682\" height=\"455\" srcset=\"http:\/\/gradadigital.com\/home\/wp-content\/uploads\/2018\/02\/venezuela_estudiantesdemerida_14022018.jpg 682w, http:\/\/gradadigital.com\/home\/wp-content\/uploads\/2018\/02\/venezuela_estudiantesdemerida_14022018-300x200.jpg 300w\" sizes=\"auto, (max-width: 682px) 100vw, 682px\" \/><\/p>\n<p style=\"text-align: justify;\"><strong>Prensa Vinotinto \/ M\u00e9rida &#8211;<\/strong> La Selecci\u00f3n Nacional Sub-20 derrot\u00f3 (0-2) a Estudiantes de M\u00e9rida en un encuentro amistoso realizado la tarde-noche de este mi\u00e9rcoles en el estadio Metropolitano de M\u00e9rida.<\/p>\n<p style=\"text-align: justify;\">La primera mitad fue muy igualada. El conjunto acad\u00e9mico tom\u00f3 la iniciativa con su juego por las bandas, pero no logr\u00f3 concretar las ocasiones de gol.<\/p>\n<p style=\"text-align: justify;\">Por su parte, el combinado nacional se mantuvo s\u00f3lido en todas sus l\u00edneas y supo controlar las intentonas del combinado local.<\/p>\n<p style=\"text-align: justify;\">En la segunda mitad llegaron los cambios y el partido se ti\u00f1\u00f3 de color Vinotinto. La Selecci\u00f3n Nacional tom\u00f3 el control del partido y r\u00e1pidamente llegaron las ocasiones de gol.<\/p>\n<p style=\"text-align: justify;\">Al minuto 56, J\u00fanior Paredes abri\u00f3 el marcador, pero el tanto fue anulado por posici\u00f3n adelantada. En la fracci\u00f3n 63, Jos\u00e9 Bandez cobr\u00f3 un tiro libre que el portero acad\u00e9mico envi\u00f3 al tiro de esquina.<\/p>\n<p style=\"text-align: justify;\">Con el partido controlado, el combinado nacional aprovech\u00f3 los errores del contrario y as\u00ed abri\u00f3 el marcador. A los 72, Bandez fue derribado en el \u00e1rea y el principal decret\u00f3 el penal. El seleccionador nacional Rafael Dudamel envi\u00f3 a cobrar al guardameta Cristopher Varela y con una ejecuci\u00f3n perfecta abri\u00f3 la pizarra.<\/p>\n<p style=\"text-align: justify;\">La sentencia lleg\u00f3 a cuatro minutos para el final cuando Manuel Godoy qued\u00f3 mano a mano con el meta acad\u00e9mico y marc\u00f3 el segundo y definitivo tanto del compromiso.<\/p>\n<p style=\"text-align: justify;\">El combinado nacional permanecer\u00e1 en M\u00e9rida hasta el pr\u00f3ximo s\u00e1bado, cuando se traslade a San Crist\u00f3bal donde enfrentar\u00e1 a la selecci\u00f3n colombiana Sub-20 el pr\u00f3ximo viernes 23 de febrero.<\/p>\n<p style=\"text-align: justify;\"><strong><span style=\"text-decoration: underline;\">Ficha T\u00e9cnica<\/span>:<br \/>\nVenezuela (2):<\/strong> Miguel Silva (Cristopher Varela, m.46); Pablo Bonilla (Ignacio Anzola, m.46), Diego Luna, Henri Pern\u00eda (Roberto Chac\u00f3n, m.46), Luis Mago (Daniel Carrillo, m.46); Robert Garc\u00e9s (Francisco LaMant\u00eda, m.31) (Christopher Monta\u00f1a, m.58), Jes\u00fas Bueno (Rommell Ibarra, m.31); Jes\u00fas Vargas, Brayan Palmezano (Carlos Ramos, m.58), Jos\u00e9 Bandez (Edson Rivas, m.75); y J\u00fanior Paredes (Manuel Godoy, m.58). <strong>DT:<\/strong> Rafael Dudamel.<\/p>\n<p style=\"text-align: justify;\"><strong>Goles:<\/strong> 0-1, min. 73, Cristopher Varela &#8211; p-. 0-2, min. 86, Manuel Godoy.<br \/>\n<strong>Estadio:<\/strong> Metropolitano, M\u00e9rida.<\/p>\n","protected":false},"excerpt":{"rendered":"<p>Prensa Vinotinto \/ M\u00e9rida &#8211; La Selecci\u00f3n Nacional Sub-20 derrot\u00f3 (0-2) a Estudiantes de M\u00e9rida en un encuentro amistoso realizado la tarde-noche de este mi\u00e9rcoles en el estadio Metropolitano de M\u00e9rida. La primera mitad fue muy igualada. El conjunto acad\u00e9mico tom\u00f3 la iniciativa con su juego por las bandas, pero no logr\u00f3 concretar las ocasiones &#8230;<\/p>\n","protected":false},"author":4,"featured_media":35661,"comment_status":"closed","ping_status":"closed","sticky":false,"template":"","format":"standard","meta":{"footnotes":""},"categories":[752,39,3],"tags":[1931],"class_list":["post-35660","post","type-post","status-publish","format-standard","has-post-thumbnail","hentry","category-appgd","category-seleccion-nacional-juveniles","category-seleccion-nacional","tag-seleccion-nacional-juveniles"],"_links":{"self":[{"href":"http:\/\/gradadigital.com\/home\/wp-json\/wp\/v2\/posts\/35660","targetHints":{"allow":["GET"]}}],"collection":[{"href":"http:\/\/gradadigital.com\/home\/wp-json\/wp\/v2\/posts"}],"about":[{"href":"http:\/\/gradadigital.com\/home\/wp-json\/wp\/v2\/types\/post"}],"author":[{"embeddable":true,"href":"http:\/\/gradadigital.com\/home\/wp-json\/wp\/v2\/users\/4"}],"replies":[{"embeddable":true,"href":"http:\/\/gradadigital.com\/home\/wp-json\/wp\/v2\/comments?post=35660"}],"version-history":[{"count":3,"href":"http:\/\/gradadigital.com\/home\/wp-json\/wp\/v2\/posts\/35660\/revisions"}],"predecessor-version":[{"id":35664,"href":"http:\/\/gradadigital.com\/home\/wp-json\/wp\/v2\/posts\/35660\/revisions\/35664"}],"wp:featuredmedia":[{"embeddable":true,"href":"http:\/\/gradadigital.com\/home\/wp-json\/wp\/v2\/media\/35661"}],"wp:attachment":[{"href":"http:\/\/gradadigital.com\/home\/wp-json\/wp\/v2\/media?parent=35660"}],"wp:term":[{"taxonomy":"category","embeddable":true,"href":"http:\/\/gradadigital.com\/home\/wp-json\/wp\/v2\/categories?post=35660"},{"taxonomy":"post_tag","embeddable":true,"href":"http:\/\/gradadigital.com\/home\/wp-json\/wp\/v2\/tags?post=35660"}],"curies":[{"name":"wp","href":"https:\/\/api.w.org\/{rel}","templated":true}]}}