{"id":35657,"date":"2018-02-14T22:00:19","date_gmt":"2018-02-15T02:30:19","guid":{"rendered":"http:\/\/gradadigital.com\/home\/?p=35657"},"modified":"2018-02-15T21:12:17","modified_gmt":"2018-02-16T01:42:17","slug":"amorebieta-batallo-en-la-ida-de-la-recopa-sudamericana","status":"publish","type":"post","link":"http:\/\/gradadigital.com\/home\/amorebieta-batallo-en-la-ida-de-la-recopa-sudamericana\/","title":{"rendered":"+FOTOS | Amorebieta batall\u00f3 en la ida de la Recopa Sudamericana"},"content":{"rendered":"<p style=\"text-align: center;\"><img decoding=\"async\" src=\"http:\/\/gradadigital.com\/home\/wp-content\/uploads\/2018\/02\/fernando_amorebieta_independiente_gremio_14022018_3.jpg\" \/><\/p>\n<p style=\"text-align: justify;\"><strong>GradaDigital.com\/EFE &#8211;<\/strong> El encuentro, disputado en Argentina, termin\u00f3 1-1 gracias a un gol y a un autogol del conjunto brasile\u00f1o, el cual estuvo con un hombre m\u00e1s sobre el terreno de juego desde el minuto 28 del primer tiempo.<\/p>\n<p style=\"text-align: justify;\">Luan Vieira abri\u00f3 el marcador a favor Gremio en el minuto 22, luego de aprovechar una desconcentraci\u00f3n de la defensa rival donde se vio involucrado el ex Vinotinto, Fernando Amorebieta. Sin embargo, el empate lleg\u00f3 11 minutos despu\u00e9s con Bruno Cortez, quien de cabeza marc\u00f3 en propia puerta.<\/p>\n<p style=\"text-align: justify;\">Independiente, por su parte, estuvo m\u00e1s de una hora con 10 jugadores debido a la expulsi\u00f3n con roja directa del delantero Emmanuel Giglioti.<\/p>\n<p style=\"text-align: justify;\">Sin embargo, la diferencia num\u00e9rica no tuvo mayor notoriedad en el desarrollo del compromiso.<\/p>\n<p style=\"text-align: justify;\">El partido de vuelta se llevar\u00e1 a cabo el pr\u00f3ximo mi\u00e9rcoles, 21 de febrero, a las 8:45 pm, hora venezolana, en el estadio Arena do Gremio, de Porto Alegre, Brasil.<\/p>\n<p style=\"text-align: center;\"><img decoding=\"async\" src=\"http:\/\/gradadigital.com\/home\/wp-content\/uploads\/2018\/02\/fernando_amorebieta_independiente_gremio_14022018_2.jpg\" \/><\/p>\n<p style=\"text-align: center;\"><img decoding=\"async\" src=\"http:\/\/gradadigital.com\/home\/wp-content\/uploads\/2018\/02\/fernando_amorebieta_independiente_gremio_14022018_1.jpg\" \/><\/p>\n<p style=\"text-align: center;\"><img decoding=\"async\" src=\"http:\/\/gradadigital.com\/home\/wp-content\/uploads\/2018\/02\/fernando_amorebieta_independiente_gremio_14022018.jpg\" \/><\/p>\n<p style=\"text-align: center;\"><img decoding=\"async\" src=\"http:\/\/gradadigital.com\/home\/wp-content\/uploads\/2018\/02\/fernando_amorebieta_independiente_gremio_14022018_4.jpg\" \/><\/p>\n","protected":false},"excerpt":{"rendered":"<p>GradaDigital.com\/EFE &#8211; El encuentro, disputado en Argentina, termin\u00f3 1-1 gracias a un gol y a un autogol del conjunto brasile\u00f1o, el cual estuvo con un hombre m\u00e1s sobre el terreno de juego desde el minuto 28 del primer tiempo. Luan Vieira abri\u00f3 el marcador a favor Gremio en el minuto 22, luego de aprovechar una &#8230;<\/p>\n","protected":false},"author":4,"featured_media":35665,"comment_status":"closed","ping_status":"closed","sticky":false,"template":"","format":"standard","meta":{"footnotes":""},"categories":[43,752,37,38,36,4],"tags":[545,1854,1855,463,1477,1431],"class_list":["post-35657","post","type-post","status-publish","format-standard","has-post-thumbnail","hentry","category-fotos","category-appgd","category-copa-libertadores","category-copa-sudamericana","category-internacional","category-legionarios","tag-amorebieta","tag-copa-libertadores","tag-copa-sudamericana","tag-fernando-amorebieta","tag-internacional","tag-legionarios"],"_links":{"self":[{"href":"http:\/\/gradadigital.com\/home\/wp-json\/wp\/v2\/posts\/35657","targetHints":{"allow":["GET"]}}],"collection":[{"href":"http:\/\/gradadigital.com\/home\/wp-json\/wp\/v2\/posts"}],"about":[{"href":"http:\/\/gradadigital.com\/home\/wp-json\/wp\/v2\/types\/post"}],"author":[{"embeddable":true,"href":"http:\/\/gradadigital.com\/home\/wp-json\/wp\/v2\/users\/4"}],"replies":[{"embeddable":true,"href":"http:\/\/gradadigital.com\/home\/wp-json\/wp\/v2\/comments?post=35657"}],"version-history":[{"count":3,"href":"http:\/\/gradadigital.com\/home\/wp-json\/wp\/v2\/posts\/35657\/revisions"}],"predecessor-version":[{"id":35679,"href":"http:\/\/gradadigital.com\/home\/wp-json\/wp\/v2\/posts\/35657\/revisions\/35679"}],"wp:featuredmedia":[{"embeddable":true,"href":"http:\/\/gradadigital.com\/home\/wp-json\/wp\/v2\/media\/35665"}],"wp:attachment":[{"href":"http:\/\/gradadigital.com\/home\/wp-json\/wp\/v2\/media?parent=35657"}],"wp:term":[{"taxonomy":"category","embeddable":true,"href":"http:\/\/gradadigital.com\/home\/wp-json\/wp\/v2\/categories?post=35657"},{"taxonomy":"post_tag","embeddable":true,"href":"http:\/\/gradadigital.com\/home\/wp-json\/wp\/v2\/tags?post=35657"}],"curies":[{"name":"wp","href":"https:\/\/api.w.org\/{rel}","templated":true}]}}