{"id":35638,"date":"2018-02-14T08:45:00","date_gmt":"2018-02-14T13:15:00","guid":{"rendered":"http:\/\/gradadigital.com\/home\/?p=35638"},"modified":"2018-02-15T21:15:30","modified_gmt":"2018-02-16T01:45:30","slug":"la-vinotinto-volvio-a-los-trabajos","status":"publish","type":"post","link":"http:\/\/gradadigital.com\/home\/la-vinotinto-volvio-a-los-trabajos\/","title":{"rendered":"La Vinotinto volvi\u00f3 a los trabajos"},"content":{"rendered":"<p style=\"text-align: center;\"><img loading=\"lazy\" decoding=\"async\" class=\"alignnone wp-image-35639 size-full\" src=\"http:\/\/gradadigital.com\/home\/wp-content\/uploads\/2018\/02\/rafael_dudamel_robert_garces_venezuela_13022018.jpg\" alt=\"\" width=\"682\" height=\"455\" srcset=\"http:\/\/gradadigital.com\/home\/wp-content\/uploads\/2018\/02\/rafael_dudamel_robert_garces_venezuela_13022018.jpg 682w, http:\/\/gradadigital.com\/home\/wp-content\/uploads\/2018\/02\/rafael_dudamel_robert_garces_venezuela_13022018-300x200.jpg 300w\" sizes=\"auto, (max-width: 682px) 100vw, 682px\" \/><\/p>\n<p style=\"text-align: justify;\"><strong>Prensa Vinotinto \/ M\u00e9rida &#8211;<\/strong> Entre domingo y lunes arribaron a la ciudad de M\u00e9rida los cinco futbolistas convocados a la selecci\u00f3n absoluta para trabajar por espacio de cuatro d\u00edas en un m\u00f3dulo mixto junto a la Vinotinto Sub-20.<\/p>\n<p style=\"text-align: justify;\">Los volantes Robert Garc\u00e9s y Francisco La Mant\u00eda se hicieron presente el pasado domingo, mientras que los defensores Henri Pern\u00eda, Daniel Carrillo y Luis Mago arribaron el lunes por la ma\u00f1ana.<\/p>\n<p style=\"text-align: justify;\">Los trabajos se iniciaron el lunes por la tarde con un entrenamiento en el estadio Metropolitano. Este martes, tras una sesi\u00f3n matutina de gimnasio, los convocados se ejercitaron en el mismo escenario, donde tambi\u00e9n trabajar\u00e1n en la segunda sesi\u00f3n del d\u00eda.<\/p>\n<p style=\"text-align: justify;\">Este jueves, los cinco futbolistas regresar\u00e1n a sus clubes para afrontar la pr\u00f3xima jornada del torneo Apertura.<\/p>\n<p style=\"text-align: justify;\"><strong>Convocatoria<\/strong><br \/>\n<strong>Defensores:<\/strong> Henri Pern\u00eda (Deportivo Lara), Daniel Carrillo (Deportivo Lara) y Luis Mago (Carabobo).<\/p>\n<p style=\"text-align: justify;\"><strong>Volantes:<\/strong> Robert Garc\u00e9s (Caracas FC) y Francisco La Mant\u00eda (Deportivo La Guaira).<\/p>\n","protected":false},"excerpt":{"rendered":"<p>Prensa Vinotinto \/ M\u00e9rida &#8211; Entre domingo y lunes arribaron a la ciudad de M\u00e9rida los cinco futbolistas convocados a la selecci\u00f3n absoluta para trabajar por espacio de cuatro d\u00edas en un m\u00f3dulo mixto junto a la Vinotinto Sub-20. Los volantes Robert Garc\u00e9s y Francisco La Mant\u00eda se hicieron presente el pasado domingo, mientras que &#8230;<\/p>\n","protected":false},"author":4,"featured_media":35639,"comment_status":"closed","ping_status":"closed","sticky":false,"template":"","format":"standard","meta":{"footnotes":""},"categories":[752,40,3],"tags":[2046,2069],"class_list":["post-35638","post","type-post","status-publish","format-standard","has-post-thumbnail","hentry","category-appgd","category-seleccion-nacional-mayores","category-seleccion-nacional","tag-seleccion-nacional-mayores","tag-selecciones-nacionales"],"_links":{"self":[{"href":"http:\/\/gradadigital.com\/home\/wp-json\/wp\/v2\/posts\/35638","targetHints":{"allow":["GET"]}}],"collection":[{"href":"http:\/\/gradadigital.com\/home\/wp-json\/wp\/v2\/posts"}],"about":[{"href":"http:\/\/gradadigital.com\/home\/wp-json\/wp\/v2\/types\/post"}],"author":[{"embeddable":true,"href":"http:\/\/gradadigital.com\/home\/wp-json\/wp\/v2\/users\/4"}],"replies":[{"embeddable":true,"href":"http:\/\/gradadigital.com\/home\/wp-json\/wp\/v2\/comments?post=35638"}],"version-history":[{"count":3,"href":"http:\/\/gradadigital.com\/home\/wp-json\/wp\/v2\/posts\/35638\/revisions"}],"predecessor-version":[{"id":35681,"href":"http:\/\/gradadigital.com\/home\/wp-json\/wp\/v2\/posts\/35638\/revisions\/35681"}],"wp:featuredmedia":[{"embeddable":true,"href":"http:\/\/gradadigital.com\/home\/wp-json\/wp\/v2\/media\/35639"}],"wp:attachment":[{"href":"http:\/\/gradadigital.com\/home\/wp-json\/wp\/v2\/media?parent=35638"}],"wp:term":[{"taxonomy":"category","embeddable":true,"href":"http:\/\/gradadigital.com\/home\/wp-json\/wp\/v2\/categories?post=35638"},{"taxonomy":"post_tag","embeddable":true,"href":"http:\/\/gradadigital.com\/home\/wp-json\/wp\/v2\/tags?post=35638"}],"curies":[{"name":"wp","href":"https:\/\/api.w.org\/{rel}","templated":true}]}}