{"id":35522,"date":"2018-01-19T20:11:04","date_gmt":"2018-01-20T00:41:04","guid":{"rendered":"http:\/\/gradadigital.com\/home\/?p=35522"},"modified":"2018-01-21T19:40:38","modified_gmt":"2018-01-22T00:10:38","slug":"jose-soto-regresa-a-la-furia-llanera","status":"publish","type":"post","link":"http:\/\/gradadigital.com\/home\/jose-soto-regresa-a-la-furia-llanera\/","title":{"rendered":"Jos\u00e9 Soto regresa a la Furia Llanera"},"content":{"rendered":"<p style=\"text-align: center;\"><img decoding=\"async\" src=\"http:\/\/gradadigital.com\/home\/wp-content\/uploads\/2018\/01\/jose_soto_pretemporada_zamoraa.jpg\" \/><\/p>\n<p style=\"font-weight: 400; text-align: justify;\"><strong>Andr\u00e9s Morales \/ Prensa Zamora FC &#8211;<\/strong>\u00a0A las filas de Zamora F\u00fatbol Club se siguen incorporando nuevos refuerzos, esta vez es el turno del mediocampista Jos\u00e9 Soto, que vuelve al blanquinegro luego de su paso por el Atl\u00e9tico Socop\u00f3 durante la temporada pasada.<\/p>\n<p style=\"font-weight: 400; text-align: justify;\">El oriundo de Sabaneta acumul\u00f3 un total de 2714 minutos con el conjunto verdinegro, en donde adem\u00e1s anot\u00f3 un par de veces. \u00c9l mismo, manifest\u00f3 lo que para \u00e9l significa continuar sumando minutos ahora en la oncena llanera:\u00a0<strong>\u201cSe logr\u00f3 lo importante que es ver minutos en casi la mayor\u00eda de los partidos, ahora regreso al Zamora en donde hay que luchar por un puesto y trabajar cada d\u00eda m\u00e1s para poder estar entre los titulares\u201d<\/strong>.<\/p>\n<p style=\"font-weight: 400; text-align: justify;\">Asimismo, Soto indic\u00f3 que esta pretemporada ser\u00e1 de vital importancia para sus aspiraciones con la Furia Llanera, asegurando adem\u00e1s que la madurez adquirida en su anterior equipo tambi\u00e9n le servir\u00e1:\u00a0<strong>\u201cTengo que ponerme a tono para estar a la par de los jugadores, trabajando de la mejor manera para obtener el \u00e9xito en el d\u00eda de ma\u00f1ana. La madurez que tuve con el Atl\u00e9tico Socop\u00f3 ser\u00e1 fundamental para poder aportar mi experiencia con el grupo\u201d<\/strong>,\u00a0agreg\u00f3 el barin\u00e9s.<\/p>\n<p style=\"font-weight: 400; text-align: justify;\">Para finalizar, el mediocampista puntualiz\u00f3 sus objetivos con la camiseta blanquinegra:\u00a0<strong>\u201cMi objetivo principal es estar al cien por ciento, poder ayudar y sumar al equipo todos mis conocimientos adquiridos en Socop\u00f3. Siempre es importante que la instituci\u00f3n siga apostando al talento joven que hay en la regi\u00f3n desde las canteras hasta los juveniles\u201d<\/strong>, concluy\u00f3.<\/p>\n","protected":false},"excerpt":{"rendered":"<p>Andr\u00e9s Morales \/ Prensa Zamora FC &#8211;\u00a0A las filas de Zamora F\u00fatbol Club se siguen incorporando nuevos refuerzos, esta vez es el turno del mediocampista Jos\u00e9 Soto, que vuelve al blanquinegro luego de su paso por el Atl\u00e9tico Socop\u00f3 durante la temporada pasada. El oriundo de Sabaneta acumul\u00f3 un total de 2714 minutos con el &#8230;<\/p>\n","protected":false},"author":3,"featured_media":35559,"comment_status":"closed","ping_status":"closed","sticky":false,"template":"","format":"standard","meta":{"footnotes":""},"categories":[752,5,31,21],"tags":[1834,2133,1852,221,1847,220],"class_list":["post-35522","post","type-post","status-publish","format-standard","has-post-thumbnail","hentry","category-appgd","category-futbol-nacional","category-primera-division","category-zamora-fc","tag-futbol-nacional","tag-jose-soto","tag-primera-division","tag-zamora","tag-zamora-fc","tag-zamora-futbol-club"],"_links":{"self":[{"href":"http:\/\/gradadigital.com\/home\/wp-json\/wp\/v2\/posts\/35522","targetHints":{"allow":["GET"]}}],"collection":[{"href":"http:\/\/gradadigital.com\/home\/wp-json\/wp\/v2\/posts"}],"about":[{"href":"http:\/\/gradadigital.com\/home\/wp-json\/wp\/v2\/types\/post"}],"author":[{"embeddable":true,"href":"http:\/\/gradadigital.com\/home\/wp-json\/wp\/v2\/users\/3"}],"replies":[{"embeddable":true,"href":"http:\/\/gradadigital.com\/home\/wp-json\/wp\/v2\/comments?post=35522"}],"version-history":[{"count":3,"href":"http:\/\/gradadigital.com\/home\/wp-json\/wp\/v2\/posts\/35522\/revisions"}],"predecessor-version":[{"id":35562,"href":"http:\/\/gradadigital.com\/home\/wp-json\/wp\/v2\/posts\/35522\/revisions\/35562"}],"wp:featuredmedia":[{"embeddable":true,"href":"http:\/\/gradadigital.com\/home\/wp-json\/wp\/v2\/media\/35559"}],"wp:attachment":[{"href":"http:\/\/gradadigital.com\/home\/wp-json\/wp\/v2\/media?parent=35522"}],"wp:term":[{"taxonomy":"category","embeddable":true,"href":"http:\/\/gradadigital.com\/home\/wp-json\/wp\/v2\/categories?post=35522"},{"taxonomy":"post_tag","embeddable":true,"href":"http:\/\/gradadigital.com\/home\/wp-json\/wp\/v2\/tags?post=35522"}],"curies":[{"name":"wp","href":"https:\/\/api.w.org\/{rel}","templated":true}]}}