{"id":35450,"date":"2018-01-13T15:00:44","date_gmt":"2018-01-13T19:30:44","guid":{"rendered":"http:\/\/gradadigital.com\/home\/?p=35450"},"modified":"2018-01-14T04:48:53","modified_gmt":"2018-01-14T09:18:53","slug":"sergio-cordova-titular-en-victoria-del-augsburg","status":"publish","type":"post","link":"http:\/\/gradadigital.com\/home\/sergio-cordova-titular-en-victoria-del-augsburg\/","title":{"rendered":"Sergio C\u00f3rdova titular en victoria del Augsburg"},"content":{"rendered":"<p style=\"text-align: center;\"><img decoding=\"async\" src=\"http:\/\/gradadigital.com\/home\/wp-content\/uploads\/2018\/01\/sergio_cordova_augsburg_hamburger_13012018.jpg\" \/><\/p>\n<p style=\"text-align: justify;\"><strong>Eduardo Contreras &#8211;<\/strong> El FC Augsburg, equipo del futbolista venezolano Sergio C\u00f3rdova, derrot\u00f3 (1-0) este s\u00e1bado, 13 de enero, en condici\u00f3n de local al Hamburger SV, en partido correspondiente a la Jornada 18 de la Bundesliga de Alemania.<\/p>\n<p style=\"text-align: justify;\">Un gol del mediocampista surcoreano Koo Ja-cheol a los 45 minutos bast\u00f3 para que el conjunto local se quedara con la victoria.<\/p>\n<p style=\"text-align: justify;\">C\u00f3rdova, de 20 a\u00f1os de edad, fue titular por primera vez en un partido de la m\u00e1xima categor\u00eda del f\u00fatbol alem\u00e1n y sali\u00f3 sustituido en el minuto 68 por el franc\u00e9s Jonathan Schmid.<\/p>\n<p style=\"text-align: justify;\">Con este resultado, el conjunto dirigido por Manuel Baum se ubica en la s\u00e9ptima posici\u00f3n de la tabla de clasificaci\u00f3n con 27 unidades, a cuatro puntos del segundo RB Leipzig.<\/p>\n","protected":false},"excerpt":{"rendered":"<p>Eduardo Contreras &#8211; El FC Augsburg, equipo del futbolista venezolano Sergio C\u00f3rdova, derrot\u00f3 (1-0) este s\u00e1bado, 13 de enero, en condici\u00f3n de local al Hamburger SV, en partido correspondiente a la Jornada 18 de la Bundesliga de Alemania. Un gol del mediocampista surcoreano Koo Ja-cheol a los 45 minutos bast\u00f3 para que el conjunto local &#8230;<\/p>\n","protected":false},"author":3,"featured_media":35451,"comment_status":"closed","ping_status":"closed","sticky":false,"template":"","format":"standard","meta":{"footnotes":""},"categories":[752,36,4],"tags":[2066,143,2065,669,1431,2038],"class_list":["post-35450","post","type-post","status-publish","format-standard","has-post-thumbnail","hentry","category-appgd","category-internacional","category-legionarios","tag-augsburg","tag-bundesliga","tag-fc-augsburg","tag-legionario","tag-legionarios","tag-sergio-cordova"],"_links":{"self":[{"href":"http:\/\/gradadigital.com\/home\/wp-json\/wp\/v2\/posts\/35450","targetHints":{"allow":["GET"]}}],"collection":[{"href":"http:\/\/gradadigital.com\/home\/wp-json\/wp\/v2\/posts"}],"about":[{"href":"http:\/\/gradadigital.com\/home\/wp-json\/wp\/v2\/types\/post"}],"author":[{"embeddable":true,"href":"http:\/\/gradadigital.com\/home\/wp-json\/wp\/v2\/users\/3"}],"replies":[{"embeddable":true,"href":"http:\/\/gradadigital.com\/home\/wp-json\/wp\/v2\/comments?post=35450"}],"version-history":[{"count":1,"href":"http:\/\/gradadigital.com\/home\/wp-json\/wp\/v2\/posts\/35450\/revisions"}],"predecessor-version":[{"id":35454,"href":"http:\/\/gradadigital.com\/home\/wp-json\/wp\/v2\/posts\/35450\/revisions\/35454"}],"wp:featuredmedia":[{"embeddable":true,"href":"http:\/\/gradadigital.com\/home\/wp-json\/wp\/v2\/media\/35451"}],"wp:attachment":[{"href":"http:\/\/gradadigital.com\/home\/wp-json\/wp\/v2\/media?parent=35450"}],"wp:term":[{"taxonomy":"category","embeddable":true,"href":"http:\/\/gradadigital.com\/home\/wp-json\/wp\/v2\/categories?post=35450"},{"taxonomy":"post_tag","embeddable":true,"href":"http:\/\/gradadigital.com\/home\/wp-json\/wp\/v2\/tags?post=35450"}],"curies":[{"name":"wp","href":"https:\/\/api.w.org\/{rel}","templated":true}]}}