{"id":35372,"date":"2018-01-06T10:30:28","date_gmt":"2018-01-06T15:00:28","guid":{"rendered":"http:\/\/gradadigital.com\/home\/?p=35372"},"modified":"2018-01-06T11:23:01","modified_gmt":"2018-01-06T15:53:01","slug":"luis-colmenarez-se-une-a-los-rojos-del-avila","status":"publish","type":"post","link":"http:\/\/gradadigital.com\/home\/luis-colmenarez-se-une-a-los-rojos-del-avila\/","title":{"rendered":"Luis Colmenarez se une a los Rojos del \u00c1vila"},"content":{"rendered":"<p style=\"text-align: center;\"><img decoding=\"async\" src=\"http:\/\/gradadigital.com\/home\/wp-content\/uploads\/2018\/01\/luis_colmenarez_caracas_06012018.jpg\" \/><\/p>\n<p style=\"text-align: justify;\"><strong>Prensa Caracas FC &#8211;<\/strong> La Junta Directiva del Caracas F\u00fatbol Club anunci\u00f3 la tarde de este viernes la contrataci\u00f3n del lateral derecho Luis Colmenarez, quien vestir\u00e1 la camiseta de los Rojos del \u00c1vila hasta diciembre de 2018.<\/p>\n<p style=\"text-align: justify;\">Las primeras palabras del ahora jugador el Endecacampe\u00f3n de Venezuela fueron de alegr\u00eda y agradecimiento. <strong>\u201cDoy gracias al club y a sus directivos por darme esta oportunidad. Estoy contento de llegar a la capital y al club m\u00e1s grande del pa\u00eds, espero aportar lo que sea necesario para poder conseguir los objetivos que nos tracemos\u201d<\/strong>, coment\u00f3.<\/p>\n<p style=\"text-align: justify;\">Con respecto a su estilo de juego, el futbolista nacido en Barquisimeto, estado Lara destac\u00f3: <strong>\u201cSoy un jugador que se sacrifica, con mucha entrega dentro del terreno de juego. Siempre buscar\u00e9 apoyar a mis compa\u00f1eros para as\u00ed conseguir los resultados\u201d<\/strong>. Adem\u00e1s, asegur\u00f3 que fue un incentivo para su llegada saber que iba a ser dirigido por el entrenador m\u00e1s laureado dentro del equipo capitalino. <strong>\u201cFue un plus saber que Noel Sanvicente ser\u00eda mi entrenador, s\u00e9 que saca siempre lo mejor de cada jugador. Espero que este a\u00f1o sea muy positivo en mi carrera, conf\u00edo que as\u00ed ser\u00e1\u201d<\/strong>, dijo.<\/p>\n<p style=\"text-align: justify;\">Del mismo modo, Colmenarez, quien ya vivi\u00f3 sus primeros entrenamientos como jugador del &#8216;Rojo&#8217;, confes\u00f3 que se ha sentido c\u00f3modo desde su llegada a la Cota 905. <strong>\u201cHay jugadores como Gilber (Guerra) y N\u00e9stor (Canel\u00f3n) que me han ayudado desde mi llegada, a acoplarme al grupo. He sido recibido de gran manera\u201d<\/strong>, agreg\u00f3.<\/p>\n<p style=\"text-align: justify;\">Por \u00faltimo, el defensor que disput\u00f3 1030 minutos la pasada temporada con el Deportivo Anzo\u00e1tegui en un total de 17 encuentros, 12 como titular, tuvo palabras para los fan\u00e1ticos del Caracas. <strong>\u201cPueden esperar una entrega incondicional de mi parte, buscar\u00e9 remar siempre hacia adelante para poder conseguir todos los campeonatos que esperamos\u201d<\/strong>, concluy\u00f3.<\/p>\n<p style=\"text-align: justify;\"><strong><span style=\"text-decoration: underline;\">Ficha T\u00e9cnica<\/span>:<\/strong><br \/>\n<strong>Nombres y apellidos:<\/strong> Luis Enrique Colmenarez Guti\u00e9rrez.<br \/>\n<strong>Fecha de nacimiento:<\/strong> 26 de septiembre de 1988.<br \/>\n<strong>Lugar de nacimiento:<\/strong> Barquisimeto, Lara.<br \/>\n<strong>Estatura:<\/strong> 1.76 m.<br \/>\n<strong>Peso:<\/strong> 71 kg.<br \/>\n<strong>Posici\u00f3n:<\/strong> Lateral.<br \/>\n<strong>Perfil:<\/strong> Derecho.<br \/>\n<strong>\u00daltimo equipo:<\/strong> Deportivo Anzo\u00e1tegui.<\/p>\n","protected":false},"excerpt":{"rendered":"<p>Prensa Caracas FC &#8211; La Junta Directiva del Caracas F\u00fatbol Club anunci\u00f3 la tarde de este viernes la contrataci\u00f3n del lateral derecho Luis Colmenarez, quien vestir\u00e1 la camiseta de los Rojos del \u00c1vila hasta diciembre de 2018. Las primeras palabras del ahora jugador el Endecacampe\u00f3n de Venezuela fueron de alegr\u00eda y agradecimiento. \u201cDoy gracias al &#8230;<\/p>\n","protected":false},"author":3,"featured_media":35373,"comment_status":"closed","ping_status":"closed","sticky":false,"template":"","format":"standard","meta":{"footnotes":""},"categories":[752,9,5,31],"tags":[52,1838,164,1834,2124,1852],"class_list":["post-35372","post","type-post","status-publish","format-standard","has-post-thumbnail","hentry","category-appgd","category-caracas-fc","category-futbol-nacional","category-primera-division","tag-caracas","tag-caracas-fc","tag-caracas-futbol-club","tag-futbol-nacional","tag-luis-colmenarez","tag-primera-division"],"_links":{"self":[{"href":"http:\/\/gradadigital.com\/home\/wp-json\/wp\/v2\/posts\/35372","targetHints":{"allow":["GET"]}}],"collection":[{"href":"http:\/\/gradadigital.com\/home\/wp-json\/wp\/v2\/posts"}],"about":[{"href":"http:\/\/gradadigital.com\/home\/wp-json\/wp\/v2\/types\/post"}],"author":[{"embeddable":true,"href":"http:\/\/gradadigital.com\/home\/wp-json\/wp\/v2\/users\/3"}],"replies":[{"embeddable":true,"href":"http:\/\/gradadigital.com\/home\/wp-json\/wp\/v2\/comments?post=35372"}],"version-history":[{"count":2,"href":"http:\/\/gradadigital.com\/home\/wp-json\/wp\/v2\/posts\/35372\/revisions"}],"predecessor-version":[{"id":35376,"href":"http:\/\/gradadigital.com\/home\/wp-json\/wp\/v2\/posts\/35372\/revisions\/35376"}],"wp:featuredmedia":[{"embeddable":true,"href":"http:\/\/gradadigital.com\/home\/wp-json\/wp\/v2\/media\/35373"}],"wp:attachment":[{"href":"http:\/\/gradadigital.com\/home\/wp-json\/wp\/v2\/media?parent=35372"}],"wp:term":[{"taxonomy":"category","embeddable":true,"href":"http:\/\/gradadigital.com\/home\/wp-json\/wp\/v2\/categories?post=35372"},{"taxonomy":"post_tag","embeddable":true,"href":"http:\/\/gradadigital.com\/home\/wp-json\/wp\/v2\/tags?post=35372"}],"curies":[{"name":"wp","href":"https:\/\/api.w.org\/{rel}","templated":true}]}}