{"id":35341,"date":"2018-01-04T15:49:24","date_gmt":"2018-01-04T20:19:24","guid":{"rendered":"http:\/\/gradadigital.com\/home\/?p=35341"},"modified":"2018-01-05T22:28:26","modified_gmt":"2018-01-06T02:58:26","slug":"juan-falcon-vestira-la-rojinegra","status":"publish","type":"post","link":"http:\/\/gradadigital.com\/home\/juan-falcon-vestira-la-rojinegra\/","title":{"rendered":"Juan Falc\u00f3n vestir\u00e1 la rojinegra"},"content":{"rendered":"<p style=\"text-align: center;\"><img decoding=\"async\" src=\"http:\/\/gradadigital.com\/home\/wp-content\/uploads\/2018\/01\/juan_falcon_deportivo_lara_04012018.jpg\" \/><\/p>\n<p style=\"text-align: justify;\"><strong>Ram\u00f3n Medina &#8211;<\/strong> El Deportivo Lara ya inici\u00f3 el nuevo a\u00f1o con la intenci\u00f3n de vivir la Temporada 2018 mejor que como termin\u00f3 la \u00faltima campa\u00f1a donde cosech\u00f3 el t\u00edtulo del Torneo Clausura 2017 y la clasificaci\u00f3n a la Copa Libertadores.<\/p>\n<p style=\"text-align: justify;\">El delantero ex Metz de Francia y que viene de vestir los colores del Zamora F\u00fatbol Club, Juan Falc\u00f3n, ya desea incorporarse a las filas rojinegras luego de haber firmado su contrato esta misma ma\u00f1ana por una temporada.<\/p>\n<p style=\"text-align: justify;\"><strong>\u201cMotivado por haber llegado ac\u00e1, agradecido con la junta directiva por la oportunidad que me est\u00e1n dando, llegar y pertenecer a esta instituci\u00f3n es importante, tuve referencia de ac\u00e1, tengo compa\u00f1eros de equipos que me han hablado muy bien, conozco a Leo y a Pedro, son grandes personas y profesionales, esa fue una de las razones para venir\u201d<\/strong>, fueron las primeras palabras del oriundo de Acarigua.<\/p>\n<p style=\"text-align: justify;\">Abordado sobre sus motivaciones para llegar al equipo larense, dijo:\u00a0<strong>\u201cEl gran torneo que hizo Lara tambi\u00e9n me motiv\u00f3, lo que va a afrontar con la Copa Libertadores, esas cosas motivan a cualquier jugador, espero que con la ayuda, la constancia, el trabajo se puedan cosechar buenos frutos, estoy comprometido en trabajar y dar lo mejor de m\u00ed\u201d<\/strong>.<\/p>\n<p style=\"text-align: justify;\">El delantero es clave para el equipo que quiere armar Leo Gonz\u00e1lez, adem\u00e1s de contar con experiencia internacional. <strong>\u201cTuve experiencia internacional con el Zamora en Copa Libertadores, cuando fui al extranjero tambi\u00e9n, principalmente en Francia, eso es importante porque suma, te ayuda a obtener un crecimiento futbol\u00edstico, personal, creo que me considero trabajador y humilde, trato de dar lo mejor en cada partido, cada entrenamiento\u201d<\/strong>.<\/p>\n<p style=\"text-align: justify;\"><strong>\u201cConozco a los profes cuando estuve con Trujillanos, en aquella \u00e9poca era muy inmaduro, m\u00e1s joven, he venido evolucionando a lo largo de mi carrera, soy un jugador m\u00e1s de \u00e1rea, donde mi fuerte es estar ah\u00ed, siempre pendiente de concretar la jugada, espero que pueda seguir sacando provecho a mi juego, me conocen muy bien los profes, quiero incorporarme el grupo\u201d<\/strong>, apunt\u00f3 Falc\u00f3n describi\u00e9ndose como jugador y la experiencia con el actual cuerpo t\u00e9cnico.<\/p>\n<p style=\"text-align: justify;\">Tambi\u00e9n tuvo palabras para hablar de lo que se viene en la Copa Libertadores, donde conoce y ya enfrent\u00f3 a un rival en su pasant\u00eda con el Santa Fe. <strong>\u201cTuve la oportunidad de jugar en Colombia con Santa Fe y enfrentar a Millonarios, es un gran club, viv\u00ed esos partidos, el Lara va a enfrentarlo en la Copa Libertadores y ser\u00e1 especial, pero nosotros debemos preocuparnos m\u00e1s por nuestras virtudes\u201d<\/strong>.<\/p>\n<p style=\"text-align: justify;\"><strong>\u201cMi mensaje es que sigan apoyando al club, se vienen cosas importantes por jugar este a\u00f1o, su apoyo es muy importante para todos, como jugador siempre es bueno tener el apoyo de toda la hinchada\u201d<\/strong>, dijo refiri\u00e9ndose a su nueva afici\u00f3n.<\/p>\n<p style=\"text-align: justify;\">Un equipo rojinegro con elementos importantes en el ataque, \u00bfc\u00f3mo ves a tus compa\u00f1eros de l\u00ednea? <strong>\u201cHay mucha competencia, obviamente es una competencia sana, es importante que un equipo tenga jugadores de buena calidad, de buen juego, porque eso te permite a esforzarte cada d\u00eda al m\u00e1ximo para poder mejorar\u201d<\/strong>, finaliz\u00f3.<\/p>\n","protected":false},"excerpt":{"rendered":"<p>Ram\u00f3n Medina &#8211; El Deportivo Lara ya inici\u00f3 el nuevo a\u00f1o con la intenci\u00f3n de vivir la Temporada 2018 mejor que como termin\u00f3 la \u00faltima campa\u00f1a donde cosech\u00f3 el t\u00edtulo del Torneo Clausura 2017 y la clasificaci\u00f3n a la Copa Libertadores. El delantero ex Metz de Francia y que viene de vestir los colores del &#8230;<\/p>\n","protected":false},"author":3,"featured_media":35304,"comment_status":"closed","ping_status":"closed","sticky":false,"template":"","format":"standard","meta":{"footnotes":""},"categories":[752,8,5,31],"tags":[62,1834,117,979,1852],"class_list":["post-35341","post","type-post","status-publish","format-standard","has-post-thumbnail","hentry","category-appgd","category-cd-lara","category-futbol-nacional","category-primera-division","tag-deportivo-lara","tag-futbol-nacional","tag-juan-falcon","tag-lara","tag-primera-division"],"_links":{"self":[{"href":"http:\/\/gradadigital.com\/home\/wp-json\/wp\/v2\/posts\/35341","targetHints":{"allow":["GET"]}}],"collection":[{"href":"http:\/\/gradadigital.com\/home\/wp-json\/wp\/v2\/posts"}],"about":[{"href":"http:\/\/gradadigital.com\/home\/wp-json\/wp\/v2\/types\/post"}],"author":[{"embeddable":true,"href":"http:\/\/gradadigital.com\/home\/wp-json\/wp\/v2\/users\/3"}],"replies":[{"embeddable":true,"href":"http:\/\/gradadigital.com\/home\/wp-json\/wp\/v2\/comments?post=35341"}],"version-history":[{"count":1,"href":"http:\/\/gradadigital.com\/home\/wp-json\/wp\/v2\/posts\/35341\/revisions"}],"predecessor-version":[{"id":35342,"href":"http:\/\/gradadigital.com\/home\/wp-json\/wp\/v2\/posts\/35341\/revisions\/35342"}],"wp:featuredmedia":[{"embeddable":true,"href":"http:\/\/gradadigital.com\/home\/wp-json\/wp\/v2\/media\/35304"}],"wp:attachment":[{"href":"http:\/\/gradadigital.com\/home\/wp-json\/wp\/v2\/media?parent=35341"}],"wp:term":[{"taxonomy":"category","embeddable":true,"href":"http:\/\/gradadigital.com\/home\/wp-json\/wp\/v2\/categories?post=35341"},{"taxonomy":"post_tag","embeddable":true,"href":"http:\/\/gradadigital.com\/home\/wp-json\/wp\/v2\/tags?post=35341"}],"curies":[{"name":"wp","href":"https:\/\/api.w.org\/{rel}","templated":true}]}}