{"id":35336,"date":"2018-01-05T13:18:10","date_gmt":"2018-01-05T17:48:10","guid":{"rendered":"http:\/\/gradadigital.com\/home\/?p=35336"},"modified":"2018-01-06T01:45:26","modified_gmt":"2018-01-06T06:15:26","slug":"angel-lezama-aportara-a-los-objetivos-del-aurinegro","status":"publish","type":"post","link":"http:\/\/gradadigital.com\/home\/angel-lezama-aportara-a-los-objetivos-del-aurinegro\/","title":{"rendered":"\u00c1ngel Lezama aportar\u00e1 a los objetivos del Aurinegro"},"content":{"rendered":"<p style=\"text-align: center;\"><img decoding=\"async\" src=\"http:\/\/gradadigital.com\/home\/wp-content\/uploads\/2018\/01\/angel_lezama_monagas.jpg\" \/><\/p>\n<p style=\"text-align: justify;\"><strong>Prensa Deportivo T\u00e1chira FC &#8211;<\/strong> Otra pieza joven llega al Carrusel Aurinegro, \u00c1ngel Ronniel Lezama Arteaga se incorpora a la causa atigrada tras un brillante accionar con el vigente campe\u00f3n de Venezuela, Monagas SC.<\/p>\n<p style=\"text-align: justify;\">El mediocampista, que tambi\u00e9n tiene la capacidad de aportar en la l\u00ednea defensiva, defender\u00e1 los colores amarillo y negro hasta diciembre del 2020. Con apenas 20 a\u00f1os, Lezama acumula amplia experiencia en la m\u00e1xima categor\u00eda para luchar por un puesto en la oncena titular.<\/p>\n<p style=\"text-align: justify;\">Su debut profesional lo vivi\u00f3 en el Torneo Adecuaci\u00f3n 2015 con Mineros de Guayana, disputando 1866 minutos en el primer torneo con el actual formato del balompi\u00e9 venezolano. Por Copa Venezuela de ese a\u00f1o, jug\u00f3 completo ante Deportivo Anzo\u00e1tegui.<\/p>\n<p style=\"text-align: justify;\">De all\u00ed pas\u00f3 al Deportivo La Guaira, accionando en seis compromisos para un total de 481 minutos; todo esto por el Torneo Apertura de la Temporada 2016. El Clausura lo disput\u00f3 nuevamente con Mineros, extendiendo la cifra a 782 minutos en cancha, agregando los 45 en los que vio acci\u00f3n ante Atl\u00e9tico Venezuela tambi\u00e9n por Copa Venezuela.<\/p>\n<p style=\"text-align: justify;\">El 2017 fue el a\u00f1o m\u00e1s brillante del oriundo de San F\u00e9lix, estado Bol\u00edvar, contribuyendo en el t\u00edtulo de Monagas SC, aportando con sus dotes en 29 cotejos, 20 de forma titular y nueve ingresando desde el banquillo, para registrar 1740 minutos por la justa nacional.<\/p>\n<p style=\"text-align: justify;\">El Deportivo T\u00e1chira FC apunta a engranar el plantel competitivo para cristalizar los objetivos de la Temporada 2018; augurando que \u00c1ngel Lezama pueda extender el buen momento que vive en las competiciones criollas, para devolver a la gloria a la tropa m\u00e1s popular de Venezuela.<\/p>\n<p style=\"text-align: justify;\"><strong><span style=\"text-decoration: underline;\">Ficha T\u00e9cnica<\/span>:<\/strong><br \/>\n<strong>Nombres y apellidos:<\/strong> \u00c1ngel Ronniel Lezama Arteaga.<br \/>\n<strong>Lugar de nacimiento:<\/strong> San F\u00e9lix, estado Bol\u00edvar, Venezuela.<br \/>\n<strong>Fecha de nacimiento:<\/strong> 25 de septiembre de 1997.<br \/>\n<strong>Edad:<\/strong> 20 a\u00f1os.<br \/>\n<strong>Estatura:<\/strong> 1.72 m.<br \/>\n<strong>Peso:<\/strong> 60 kg.<br \/>\n<strong>Posici\u00f3n:<\/strong> Mediocampista \/ Defensa.<br \/>\n<strong>Perfil:<\/strong> Derecho.<br \/>\n<strong>\u00daltimo equipo:<\/strong>\u00a0Monagas SC.<\/p>\n","protected":false},"excerpt":{"rendered":"<p>Prensa Deportivo T\u00e1chira FC &#8211; Otra pieza joven llega al Carrusel Aurinegro, \u00c1ngel Ronniel Lezama Arteaga se incorpora a la causa atigrada tras un brillante accionar con el vigente campe\u00f3n de Venezuela, Monagas SC. El mediocampista, que tambi\u00e9n tiene la capacidad de aportar en la l\u00ednea defensiva, defender\u00e1 los colores amarillo y negro hasta diciembre &#8230;<\/p>\n","protected":false},"author":3,"featured_media":35365,"comment_status":"closed","ping_status":"closed","sticky":false,"template":"","format":"standard","meta":{"footnotes":""},"categories":[752,11,5,31],"tags":[2122,1840,871,1834,1852],"class_list":["post-35336","post","type-post","status-publish","format-standard","has-post-thumbnail","hentry","category-appgd","category-deportivo-tachira","category-futbol-nacional","category-primera-division","tag-angel-lezama","tag-deportivo-tachira","tag-deportivo-tachira-fc","tag-futbol-nacional","tag-primera-division"],"_links":{"self":[{"href":"http:\/\/gradadigital.com\/home\/wp-json\/wp\/v2\/posts\/35336","targetHints":{"allow":["GET"]}}],"collection":[{"href":"http:\/\/gradadigital.com\/home\/wp-json\/wp\/v2\/posts"}],"about":[{"href":"http:\/\/gradadigital.com\/home\/wp-json\/wp\/v2\/types\/post"}],"author":[{"embeddable":true,"href":"http:\/\/gradadigital.com\/home\/wp-json\/wp\/v2\/users\/3"}],"replies":[{"embeddable":true,"href":"http:\/\/gradadigital.com\/home\/wp-json\/wp\/v2\/comments?post=35336"}],"version-history":[{"count":3,"href":"http:\/\/gradadigital.com\/home\/wp-json\/wp\/v2\/posts\/35336\/revisions"}],"predecessor-version":[{"id":35367,"href":"http:\/\/gradadigital.com\/home\/wp-json\/wp\/v2\/posts\/35336\/revisions\/35367"}],"wp:featuredmedia":[{"embeddable":true,"href":"http:\/\/gradadigital.com\/home\/wp-json\/wp\/v2\/media\/35365"}],"wp:attachment":[{"href":"http:\/\/gradadigital.com\/home\/wp-json\/wp\/v2\/media?parent=35336"}],"wp:term":[{"taxonomy":"category","embeddable":true,"href":"http:\/\/gradadigital.com\/home\/wp-json\/wp\/v2\/categories?post=35336"},{"taxonomy":"post_tag","embeddable":true,"href":"http:\/\/gradadigital.com\/home\/wp-json\/wp\/v2\/tags?post=35336"}],"curies":[{"name":"wp","href":"https:\/\/api.w.org\/{rel}","templated":true}]}}