{"id":35331,"date":"2018-01-05T15:53:14","date_gmt":"2018-01-05T20:23:14","guid":{"rendered":"http:\/\/gradadigital.com\/home\/?p=35331"},"modified":"2018-01-06T00:12:06","modified_gmt":"2018-01-06T04:42:06","slug":"leo-morales-experiencia-para-la-porteria-del-zulia","status":"publish","type":"post","link":"http:\/\/gradadigital.com\/home\/leo-morales-experiencia-para-la-porteria-del-zulia\/","title":{"rendered":"Leo Morales, experiencia para la porter\u00eda del Zulia"},"content":{"rendered":"<p style=\"text-align: center;\"><img decoding=\"async\" src=\"http:\/\/gradadigital.com\/home\/wp-content\/uploads\/2018\/01\/leo_morales_zulia_05012018.jpg\" \/><\/p>\n<p style=\"text-align: justify;\"><strong>Ernesto Vera &#8211;<\/strong> Cumpliendo esa premisa futbol\u00edstica que reza que un buen equipo se arma \u201cde atr\u00e1s hacia adelante\u201d, Zulia F\u00fatbol Club recibi\u00f3 este viernes a su nueva contrataci\u00f3n, el arquero Leo Morales, quien sumar\u00e1 toda su experiencia y voz de mando a la posici\u00f3n uno del negriazul de cara al temporada 2018.<\/p>\n<p style=\"text-align: justify;\">Morales, con amplio recorrido en procesos de Selecci\u00f3n Nacional de mayores y Copa Libertadores y Sudamericana a nivel de clubes, no dud\u00f3 desde el primer momento en ponerse los guantes y exhibir sus condiciones desde el primer entrenamiento matutino. Su liderazgo se not\u00f3 inmediatamente en los ejercicios de f\u00fatbol realizados en la cancha La Victoria.<\/p>\n<p style=\"text-align: justify;\"><strong>\u201cEstoy contento de volver a Maracaibo donde viv\u00ed una parte de los inicios de mi carrera\u201d<\/strong>, responde el cancerbero de 39 a\u00f1os de edad, quien pas\u00f3 el anterior 2017 entre Carabobo FC y Academia Puerto Cabello en la divisi\u00f3n de plata. <strong>\u201cSiempre hab\u00eda querido regresar pero, aunque estuve en la \u00f3rbita del equipo antes, no se hab\u00eda podido dar. Me siento complacido de volver a esta cancha de La Victoria y verla en estas excelentes condiciones, y de saber que estoy en una instituci\u00f3n que est\u00e1 haciendo las cosas bien\u201d<\/strong>, afirm\u00f3 Morales.<\/p>\n<p style=\"text-align: justify;\"><strong>Como en casa<\/strong><br \/>\nPara uno de los arqueros Vinotinto durante los premundiales 2010 y 2014, adem\u00e1s de la recordada Copa Am\u00e9rica 2011, le queda claro que tendr\u00e1 que esforzarse al m\u00e1ximo para ganar su lugar en la titularidad bajo los tres palos, dado el talento que muestra Zulia F\u00fatbol Club en esa posici\u00f3n.<\/p>\n<p style=\"text-align: justify;\"><strong>\u201c\u00a1Estoy listo! Me siento bien de salud y vengo con la continuidad del \u00faltimo semestre de haber estado en Puerto Cabello donde fui titular en la mayor\u00eda de los partidos, adem\u00e1s aqu\u00ed en el Zulia F\u00fatbol Club me reencuentro con varios excompa\u00f1eros como Grenddy (Perozo), adem\u00e1s de los \u2018profes\u2019 Carlos y Sa\u00fal Maldonado con quienes ya compart\u00ed mientras estuve en Nacional y en Caracas; y que me conocen y saben que si asumo esta responsabilidad es para responder a la confianza y sumar en todos los aspectos a un grupo de mucho talento que est\u00e1 listo para pelear arriba\u201d<\/strong>, dijo comprometido el guardameta oriental.<\/p>\n<p style=\"text-align: justify;\"><strong>Sumaremos en ofensiva<\/strong><br \/>\nEl vicepresidente ejecutivo de Zulia F\u00fatbol Club, Manuel De Oliveira, fue el encargado de recibir y presentar a la nueva contrataci\u00f3n en la sede administrativa del club en el sector La Victoria.<\/p>\n<p style=\"text-align: justify;\"><strong>\u201cLeo Morales es un arquero que viene con excelentes n\u00fameros en 2017, tanto en \u200bPrimera como en \u200bSegunda \u200bDivisi\u00f3n, y que todav\u00eda tiene mucho que aportar a nuestro f\u00fatbol, adem\u00e1s de representar un gran apoyo para los jugadores j\u00f3venes de nuestra instituci\u00f3n y ser una competencia interesante para Andr\u00e9s Gonz\u00e1lez por la titularidad. Es una garant\u00eda y potenciar\u00e1 la parte defensiva\u201d<\/strong>, expres\u00f3 De Oliveira.<\/p>\n<p style=\"text-align: justify;\">\u200b\u200b\u200bEl ejecutivo resalt\u00f3 adem\u00e1s que el trabajo de las oficinas no se ha detenido en ning\u00fan momento, siempre a fin de cumplir la misi\u00f3n de armar el mejor combinado para 2018. <strong>\u201cHemos hecho \u00e9nfasis en reforzar nuestra parte defensiva y lo hemos logrado; seguimos trabajando en las pr\u00f3ximas incorporaciones ofensivas que vendr\u00e1n desde el extranjero, aparte de un par de piezas m\u00e1s en el ataque para lograr cerrar el mercado con un equipo muy competitivo, que busca pelear nuevamente en lo m\u00e1s alto y regresar a las copas internacionales\u00bb<\/strong>, finaliz\u00f3.<\/p>\n<p style=\"text-align: justify;\"><strong><span style=\"text-decoration: underline;\">Ficha T\u00e9cnica<\/span>:<\/strong><br \/>\n<strong>Nombres y apellidos:<\/strong>\u00a0Jos\u00e9 Leonardo Morales Lares.<br \/>\n<strong>Fecha de nacimiento:<\/strong> 7 de julio de 1978.<br \/>\n<strong>Lugar de nacimiento:<\/strong> El Tigre, estado Anzo\u00e1tegui.<br \/>\n<strong>Estatura:<\/strong> 1.84 m.<br \/>\n<strong>Peso:<\/strong> 81 kg.<br \/>\n<strong>Posici\u00f3n:<\/strong> Arquero.<br \/>\n<strong>Perfil:<\/strong>\u00a0Derecho.<br \/>\n<strong>\u00daltimo club:<\/strong> Academia Puerto Cabello.<\/p>\n","protected":false},"excerpt":{"rendered":"<p>Ernesto Vera &#8211; Cumpliendo esa premisa futbol\u00edstica que reza que un buen equipo se arma \u201cde atr\u00e1s hacia adelante\u201d, Zulia F\u00fatbol Club recibi\u00f3 este viernes a su nueva contrataci\u00f3n, el arquero Leo Morales, quien sumar\u00e1 toda su experiencia y voz de mando a la posici\u00f3n uno del negriazul de cara al temporada 2018. Morales, con &#8230;<\/p>\n","protected":false},"author":3,"featured_media":35358,"comment_status":"closed","ping_status":"closed","sticky":false,"template":"","format":"standard","meta":{"footnotes":""},"categories":[752,5,31,22],"tags":[1834,899,1852,385,1848,1289],"class_list":["post-35331","post","type-post","status-publish","format-standard","has-post-thumbnail","hentry","category-appgd","category-futbol-nacional","category-primera-division","category-zulia-fc","tag-futbol-nacional","tag-leo-morales","tag-primera-division","tag-zulia","tag-zulia-fc","tag-zulia-futbol-club"],"_links":{"self":[{"href":"http:\/\/gradadigital.com\/home\/wp-json\/wp\/v2\/posts\/35331","targetHints":{"allow":["GET"]}}],"collection":[{"href":"http:\/\/gradadigital.com\/home\/wp-json\/wp\/v2\/posts"}],"about":[{"href":"http:\/\/gradadigital.com\/home\/wp-json\/wp\/v2\/types\/post"}],"author":[{"embeddable":true,"href":"http:\/\/gradadigital.com\/home\/wp-json\/wp\/v2\/users\/3"}],"replies":[{"embeddable":true,"href":"http:\/\/gradadigital.com\/home\/wp-json\/wp\/v2\/comments?post=35331"}],"version-history":[{"count":3,"href":"http:\/\/gradadigital.com\/home\/wp-json\/wp\/v2\/posts\/35331\/revisions"}],"predecessor-version":[{"id":35360,"href":"http:\/\/gradadigital.com\/home\/wp-json\/wp\/v2\/posts\/35331\/revisions\/35360"}],"wp:featuredmedia":[{"embeddable":true,"href":"http:\/\/gradadigital.com\/home\/wp-json\/wp\/v2\/media\/35358"}],"wp:attachment":[{"href":"http:\/\/gradadigital.com\/home\/wp-json\/wp\/v2\/media?parent=35331"}],"wp:term":[{"taxonomy":"category","embeddable":true,"href":"http:\/\/gradadigital.com\/home\/wp-json\/wp\/v2\/categories?post=35331"},{"taxonomy":"post_tag","embeddable":true,"href":"http:\/\/gradadigital.com\/home\/wp-json\/wp\/v2\/tags?post=35331"}],"curies":[{"name":"wp","href":"https:\/\/api.w.org\/{rel}","templated":true}]}}