{"id":35295,"date":"2018-01-04T22:59:55","date_gmt":"2018-01-05T03:29:55","guid":{"rendered":"http:\/\/gradadigital.com\/home\/?p=35295"},"modified":"2018-01-07T21:31:16","modified_gmt":"2018-01-08T02:01:16","slug":"la-vinotinto-femenina-sub-17-inaugura-2018-con-un-modulo-en-caracas","status":"publish","type":"post","link":"http:\/\/gradadigital.com\/home\/la-vinotinto-femenina-sub-17-inaugura-2018-con-un-modulo-en-caracas\/","title":{"rendered":"La Vinotinto femenina Sub-17 inaugura 2018 con un m\u00f3dulo en Caracas"},"content":{"rendered":"<p style=\"text-align: center;\"><img decoding=\"async\" src=\"http:\/\/gradadigital.com\/home\/wp-content\/uploads\/2018\/01\/vinotinto_femenina_sub17.jpg\" \/><\/p>\n<p style=\"text-align: justify;\"><strong>Prensa Femenino FVF &#8211;<\/strong> La selecci\u00f3n femenina Sub-17 tendr\u00e1 desde este jueves, 4 de enero, su primer m\u00f3dulo del a\u00f1o y s\u00e9ptimo del proceso de preparaci\u00f3n de cara al Sudamericano de Argentina, evento que se disputar\u00e1 en marzo y que repartir\u00e1 dos cupos al Mundial de Uruguay.<\/p>\n<p style=\"text-align: justify;\">La Vinotinto trabajar\u00e1 en Caracas hasta el 13 de enero, bajo la tutela de Enmanuel Joseph, ya que el jefe t\u00e9cnico de las selecciones femeninas, Jos\u00e9 Catoya, partir\u00e1 este domingo a Ecuador, al frente de la delegaci\u00f3n Sub-20 para el Sudamericano de la categor\u00eda, que buscar\u00e1 su boleto a la Copa del Mundo de Francia.<\/p>\n<p style=\"text-align: center;\"><img decoding=\"async\" src=\"http:\/\/gradadigital.com\/home\/wp-content\/uploads\/2018\/01\/convocatoria_vinotinto_femenina_sub17.jpg\" \/><\/p>\n","protected":false},"excerpt":{"rendered":"<p>Prensa Femenino FVF &#8211; La selecci\u00f3n femenina Sub-17 tendr\u00e1 desde este jueves, 4 de enero, su primer m\u00f3dulo del a\u00f1o y s\u00e9ptimo del proceso de preparaci\u00f3n de cara al Sudamericano de Argentina, evento que se disputar\u00e1 en marzo y que repartir\u00e1 dos cupos al Mundial de Uruguay. La Vinotinto trabajar\u00e1 en Caracas hasta el 13 &#8230;<\/p>\n","protected":false},"author":3,"featured_media":35399,"comment_status":"closed","ping_status":"closed","sticky":false,"template":"","format":"standard","meta":{"footnotes":""},"categories":[752,41,26,3],"tags":[1856,1850],"class_list":["post-35295","post","type-post","status-publish","format-standard","has-post-thumbnail","hentry","category-appgd","category-futbol-femenino","category-seleccion-femenina","category-seleccion-nacional","tag-futbol-femenino","tag-seleccion-femenina"],"_links":{"self":[{"href":"http:\/\/gradadigital.com\/home\/wp-json\/wp\/v2\/posts\/35295","targetHints":{"allow":["GET"]}}],"collection":[{"href":"http:\/\/gradadigital.com\/home\/wp-json\/wp\/v2\/posts"}],"about":[{"href":"http:\/\/gradadigital.com\/home\/wp-json\/wp\/v2\/types\/post"}],"author":[{"embeddable":true,"href":"http:\/\/gradadigital.com\/home\/wp-json\/wp\/v2\/users\/3"}],"replies":[{"embeddable":true,"href":"http:\/\/gradadigital.com\/home\/wp-json\/wp\/v2\/comments?post=35295"}],"version-history":[{"count":3,"href":"http:\/\/gradadigital.com\/home\/wp-json\/wp\/v2\/posts\/35295\/revisions"}],"predecessor-version":[{"id":35402,"href":"http:\/\/gradadigital.com\/home\/wp-json\/wp\/v2\/posts\/35295\/revisions\/35402"}],"wp:featuredmedia":[{"embeddable":true,"href":"http:\/\/gradadigital.com\/home\/wp-json\/wp\/v2\/media\/35399"}],"wp:attachment":[{"href":"http:\/\/gradadigital.com\/home\/wp-json\/wp\/v2\/media?parent=35295"}],"wp:term":[{"taxonomy":"category","embeddable":true,"href":"http:\/\/gradadigital.com\/home\/wp-json\/wp\/v2\/categories?post=35295"},{"taxonomy":"post_tag","embeddable":true,"href":"http:\/\/gradadigital.com\/home\/wp-json\/wp\/v2\/tags?post=35295"}],"curies":[{"name":"wp","href":"https:\/\/api.w.org\/{rel}","templated":true}]}}