{"id":3529,"date":"2013-08-14T12:13:11","date_gmt":"2013-08-14T16:43:11","guid":{"rendered":"http:\/\/gradadigital.com\/home\/?p=3529"},"modified":"2013-08-14T12:13:11","modified_gmt":"2013-08-14T16:43:11","slug":"la-vinotinto-tomara-examen-ante-bolivia","status":"publish","type":"post","link":"http:\/\/gradadigital.com\/home\/la-vinotinto-tomara-examen-ante-bolivia\/","title":{"rendered":"La \u00abVinotinto\u00bb tomar\u00e1 examen ante Bolivia"},"content":{"rendered":"<p style=\"text-align: center;\"><img loading=\"lazy\" decoding=\"async\" class=\"alignnone size-full wp-image-3530\" alt=\"salomon_rondon_entrenamiento_san_cristobal_pueblo_nuevo_14082013\" src=\"http:\/\/gradadigital.com\/home\/wp-content\/uploads\/2013\/08\/salomon_rondon_entrenamiento_san_cristobal_pueblo_nuevo_14082013.jpg\" width=\"596\" height=\"346\" srcset=\"http:\/\/gradadigital.com\/home\/wp-content\/uploads\/2013\/08\/salomon_rondon_entrenamiento_san_cristobal_pueblo_nuevo_14082013.jpg 596w, http:\/\/gradadigital.com\/home\/wp-content\/uploads\/2013\/08\/salomon_rondon_entrenamiento_san_cristobal_pueblo_nuevo_14082013-300x174.jpg 300w\" sizes=\"auto, (max-width: 596px) 100vw, 596px\" \/><\/p>\n<p style=\"text-align: justify;\"><strong>Prensa FVF &#8211;<\/strong> La Selecci\u00f3n\u00a0 Nacional enfrentar\u00e1 esta noche al combinado de Bolivia en el estadio Polideportivo de\u00a0 Pueblo Nuevo de San Crist\u00f3bal, estado T\u00e1chira. El encuentro amistoso de fecha FIFA est\u00e1\u00a0pautado para comenzar a las 7:00 pm.<\/p>\n<p style=\"text-align: justify;\">Los Vinotinto arribaron a la ciudad aurinegra la madrugada del d\u00eda de martes con las ausencias de Fernando Amorebieta y Frank Feltscher quienes no viajaron al pa\u00eds por presentar molestias f\u00edsicas. \u00a0 El Director T\u00e9cnico Vinotinto, C\u00e9sar Far\u00edas contar\u00e1\u00a0 con 16 futbolistas, tres de ellos jugadores del Deportivo T\u00e1chira, para disputar el partido amistoso que servir\u00e1 de preparaci\u00f3n para el reinici\u00f3 del Premundial Sudamericano en el que los venezolanos deber\u00e1n enfrentar a Chile en Santiago y recibir a Per\u00fa en Puerto La Cruz.<\/p>\n<p style=\"text-align: justify;\">El colombiano Imer Machado ser\u00e1 el juez principal de la visita de Bolivia al \u201cTemplo Sagrado\u201d del f\u00fatbol nacional.<\/p>\n<p style=\"text-align: justify;\">El listado de jugadores es siguiente:<\/p>\n<p style=\"text-align: justify;\">1- Hern\u00e1ndez, Daniel, arquero (Asteras Tr\u00edpolis, Grecia)<br \/>\n2- Morales, Jos\u00e9\u00a0Leonardo, arquero (Carabobo FC)<br \/>\n3- Rosales, Roberto, defensor\u00a0 (Twente, Holanda)<br \/>\n4- Vizcarrondo, Oswaldo, defensor (FC Nantes, Francia)<br \/>\n5- T\u00fa\u00f1ez, Andr\u00e9s, defensor (RC Celta de Vigo, Espa\u00f1a)<br \/>\n6- Cichero, Gabriel, defensor (FC Nantes, Francia)<br \/>\n7- Rinc\u00f3n, Tom\u00e1s, medio (Hamburgo, Alemania)<br \/>\n8- Lucena, Franklin, medio (Deportivo La Guaira)<br \/>\n9- Flores, Agnel, medio (Deportivo T\u00e1chira)<br \/>\n10- Gonz\u00e1lez, C\u00e9sar, medio (Deportivo T\u00e1chira)<br \/>\n11- Gonz\u00e1lez, Alexander, medio (FC Aarau, Suiza)<br \/>\n12- Arango, Juan, medio (Borussia, Alemania)<br \/>\n13- Rond\u00f3n, Jos\u00e9 Salom\u00f3n, atacante (FC Rubin Kazan, Rusia)<br \/>\n14- Aristeguieta, Fernando, atacante (FC Nantes, Francia)<br \/>\n15- Mart\u00ednez, Josef, atacante (FC Thun, Suiza)<br \/>\n16- Orozco, Yohandry, medio (Deportivo T\u00e1chira)<\/p>\n","protected":false},"excerpt":{"rendered":"<p>Prensa FVF &#8211; La Selecci\u00f3n\u00a0 Nacional enfrentar\u00e1 esta noche al combinado de Bolivia en el estadio Polideportivo de\u00a0 Pueblo Nuevo de San Crist\u00f3bal, estado T\u00e1chira. El encuentro amistoso de fecha FIFA est\u00e1\u00a0pautado para comenzar a las 7:00 pm. Los Vinotinto arribaron a la ciudad aurinegra la madrugada del d\u00eda de martes con las ausencias de &#8230;<\/p>\n","protected":false},"author":4,"featured_media":3530,"comment_status":"closed","ping_status":"closed","sticky":false,"template":"","format":"standard","meta":{"footnotes":""},"categories":[40,3],"tags":[],"class_list":["post-3529","post","type-post","status-publish","format-standard","has-post-thumbnail","hentry","category-seleccion-nacional-mayores","category-seleccion-nacional"],"_links":{"self":[{"href":"http:\/\/gradadigital.com\/home\/wp-json\/wp\/v2\/posts\/3529","targetHints":{"allow":["GET"]}}],"collection":[{"href":"http:\/\/gradadigital.com\/home\/wp-json\/wp\/v2\/posts"}],"about":[{"href":"http:\/\/gradadigital.com\/home\/wp-json\/wp\/v2\/types\/post"}],"author":[{"embeddable":true,"href":"http:\/\/gradadigital.com\/home\/wp-json\/wp\/v2\/users\/4"}],"replies":[{"embeddable":true,"href":"http:\/\/gradadigital.com\/home\/wp-json\/wp\/v2\/comments?post=3529"}],"version-history":[{"count":1,"href":"http:\/\/gradadigital.com\/home\/wp-json\/wp\/v2\/posts\/3529\/revisions"}],"predecessor-version":[{"id":3531,"href":"http:\/\/gradadigital.com\/home\/wp-json\/wp\/v2\/posts\/3529\/revisions\/3531"}],"wp:featuredmedia":[{"embeddable":true,"href":"http:\/\/gradadigital.com\/home\/wp-json\/wp\/v2\/media\/3530"}],"wp:attachment":[{"href":"http:\/\/gradadigital.com\/home\/wp-json\/wp\/v2\/media?parent=3529"}],"wp:term":[{"taxonomy":"category","embeddable":true,"href":"http:\/\/gradadigital.com\/home\/wp-json\/wp\/v2\/categories?post=3529"},{"taxonomy":"post_tag","embeddable":true,"href":"http:\/\/gradadigital.com\/home\/wp-json\/wp\/v2\/tags?post=3529"}],"curies":[{"name":"wp","href":"https:\/\/api.w.org\/{rel}","templated":true}]}}