{"id":35284,"date":"2018-01-04T10:30:14","date_gmt":"2018-01-04T15:00:14","guid":{"rendered":"http:\/\/gradadigital.com\/home\/?p=35284"},"modified":"2018-01-05T22:25:24","modified_gmt":"2018-01-06T02:55:24","slug":"ruben-rojas-nuevo-delantero-azulgrana","status":"publish","type":"post","link":"http:\/\/gradadigital.com\/home\/ruben-rojas-nuevo-delantero-azulgrana\/","title":{"rendered":"Rub\u00e9n Rojas nuevo delantero azulgrana"},"content":{"rendered":"<p style=\"text-align: center;\"><img decoding=\"async\" src=\"http:\/\/gradadigital.com\/home\/wp-content\/uploads\/2018\/01\/ruben_rojas_monagas_04012018.jpg\" \/><\/p>\n<p style=\"text-align: justify;\"><strong>Prensa Monagas SC &#8211;<\/strong> Monagas Sport Club en el marco de su etapa de preparaci\u00f3n de cara a la temporada 2018 del f\u00fatbol venezolano y de su representaci\u00f3n internacional en la Copa Libertadores, sigue reforzando sus l\u00edneas. Esta vez, la directiva azulgrana encabezada por Nicol\u00e1s Fern\u00e1ndez acord\u00f3 un contrato por dos a\u00f1os con el delantero Rub\u00e9n &#8216;Morocho&#8217; Rojas para reforzar en esta zafra la delantera del campe\u00f3n nacional.<\/p>\n<p style=\"text-align: justify;\">El guayan\u00e9s se mostr\u00f3 alegre tras su llegada al cuadro oriental y lo asumi\u00f3 como un gran reto en su carrera profesional. <strong>\u201cAgradecido con Dios primeramente por esta gran oportunidad que se viene en mi carrera. Es un compromiso enorme llegar al equipo campe\u00f3n del torneo, que viene haciendo las cosas bien. As\u00ed que vengo con mucha motivaci\u00f3n, con ganas de aportar en los retos que tiene Monagas este a\u00f1o\u201d<\/strong>, coment\u00f3.<\/p>\n<p style=\"text-align: justify;\">Con una gran experiencia internacional tanto en Anzo\u00e1tegui, Trujillanos y Mineros de Guayana, el &#8216;Morocho&#8217; asegur\u00f3 que es muy importante obtener resultados positivos en casa en los torneos de talla internacional, adem\u00e1s de representar un gran desaf\u00edo para \u00e9l, el hecho de disputar su tercera Libertadores. <strong>\u201cPara los equipos venezolanos lo primordial es ser m\u00e1s contundentes en casa y conseguir puntos claves como local. Conozco esta competici\u00f3n y tiene un nivel muy exigente, estoy agradecido con Dios y con la vida por haber marcado en su momento y ser\u00eda un lindo desaf\u00edo poder disputar de nuevo ese torneo\u201d<\/strong>, asever\u00f3.<\/p>\n<p style=\"text-align: justify;\">Tras su reciente llegada a la pretemporada azulgrana, indic\u00f3 que se incorpor\u00f3 a las filas monaguenses con la motivaci\u00f3n necesaria para afrontar una nueva temporada. <strong>\u201cLlegar a un nuevo club nunca es f\u00e1cil, pero vengo con la confianza de haber visto minutos y poder marcar goles con mi \u00faltimo equipo. Eso me da una motivaci\u00f3n extra y espero acoplarme de la mejor forma tanto con el grupo como al estilo de trabajo del cuerpo t\u00e9cnico. He tenido la oportunidad de jugar con varios compa\u00f1eros en el pasado y eso es m\u00e1s que positivo para adquirir la confianza necesaria\u201d<\/strong>, asegur\u00f3 el artillero.<\/p>\n<p style=\"text-align: justify;\">Por \u00faltimo, el jugador envi\u00f3 un mensaje a la afici\u00f3n del campe\u00f3n nacional para invitarlos a seguir apoyando al grupo en sus pr\u00f3ximas competiciones. <strong>\u201cA toda la fanaticada del azulgrana, espero que sigan apoyando en esta venidera temporada. Vengo a dar lo mejor de m\u00ed, espero ayudar al equipo con goles y seguir manteniendo esta esencia ganadora con muchos m\u00e1s t\u00edtulos\u201d<\/strong>, finaliz\u00f3.<\/p>\n<p style=\"text-align: justify;\">Rojas disput\u00f3 la temporada pasada con el Deportivo Anzo\u00e1tegui, obteniendo seis tantos y disputando 1780 minutos en 25 partidos. De los cuales 19 fueron en condici\u00f3n de titular. El atacante ya se encuentra en la ciudad de Acarigua donde la plantilla dirigida por Jhonny Ferreira tendr\u00e1 su primera fase de pretemporada de cara a un nuevo torneo local y el certamen m\u00e1s importante del continente.<\/p>\n<p style=\"text-align: justify;\"><strong><span style=\"text-decoration: underline;\">Ficha T\u00e9cnica<\/span>:<\/strong><br \/>\n<strong>Nombres y apellidos:<\/strong> Rub\u00e9n Emir Rojas Ordosgoitti<br \/>\n<strong>Nacionalidad:<\/strong> Venezolano<br \/>\n<strong>Estatura:<\/strong> 1.78 m<br \/>\n<strong>Peso:<\/strong> 74 kg<br \/>\n<strong>Posici\u00f3n:<\/strong> Delantero<br \/>\n<strong>Perfil:<\/strong> Derecho<br \/>\n<strong>\u00daltimo club:<\/strong> Deportivo Anzo\u00e1tegui<\/p>\n","protected":false},"excerpt":{"rendered":"<p>Prensa Monagas SC &#8211; Monagas Sport Club en el marco de su etapa de preparaci\u00f3n de cara a la temporada 2018 del f\u00fatbol venezolano y de su representaci\u00f3n internacional en la Copa Libertadores, sigue reforzando sus l\u00edneas. Esta vez, la directiva azulgrana encabezada por Nicol\u00e1s Fern\u00e1ndez acord\u00f3 un contrato por dos a\u00f1os con el delantero &#8230;<\/p>\n","protected":false},"author":3,"featured_media":35309,"comment_status":"closed","ping_status":"closed","sticky":false,"template":"","format":"standard","meta":{"footnotes":""},"categories":[752,5,16,31],"tags":[1834,1885,1886,1852,1686],"class_list":["post-35284","post","type-post","status-publish","format-standard","has-post-thumbnail","hentry","category-appgd","category-futbol-nacional","category-monagas-sc","category-primera-division","tag-futbol-nacional","tag-monagas","tag-monagas-sc","tag-primera-division","tag-ruben-rojas"],"_links":{"self":[{"href":"http:\/\/gradadigital.com\/home\/wp-json\/wp\/v2\/posts\/35284","targetHints":{"allow":["GET"]}}],"collection":[{"href":"http:\/\/gradadigital.com\/home\/wp-json\/wp\/v2\/posts"}],"about":[{"href":"http:\/\/gradadigital.com\/home\/wp-json\/wp\/v2\/types\/post"}],"author":[{"embeddable":true,"href":"http:\/\/gradadigital.com\/home\/wp-json\/wp\/v2\/users\/3"}],"replies":[{"embeddable":true,"href":"http:\/\/gradadigital.com\/home\/wp-json\/wp\/v2\/comments?post=35284"}],"version-history":[{"count":2,"href":"http:\/\/gradadigital.com\/home\/wp-json\/wp\/v2\/posts\/35284\/revisions"}],"predecessor-version":[{"id":35314,"href":"http:\/\/gradadigital.com\/home\/wp-json\/wp\/v2\/posts\/35284\/revisions\/35314"}],"wp:featuredmedia":[{"embeddable":true,"href":"http:\/\/gradadigital.com\/home\/wp-json\/wp\/v2\/media\/35309"}],"wp:attachment":[{"href":"http:\/\/gradadigital.com\/home\/wp-json\/wp\/v2\/media?parent=35284"}],"wp:term":[{"taxonomy":"category","embeddable":true,"href":"http:\/\/gradadigital.com\/home\/wp-json\/wp\/v2\/categories?post=35284"},{"taxonomy":"post_tag","embeddable":true,"href":"http:\/\/gradadigital.com\/home\/wp-json\/wp\/v2\/tags?post=35284"}],"curies":[{"name":"wp","href":"https:\/\/api.w.org\/{rel}","templated":true}]}}