{"id":35251,"date":"2018-01-03T14:09:46","date_gmt":"2018-01-03T18:39:46","guid":{"rendered":"http:\/\/gradadigital.com\/home\/?p=35251"},"modified":"2018-01-03T17:43:35","modified_gmt":"2018-01-03T22:13:35","slug":"maximiliano-cantera-inicia-trabajos-con-el-aurinegro","status":"publish","type":"post","link":"http:\/\/gradadigital.com\/home\/maximiliano-cantera-inicia-trabajos-con-el-aurinegro\/","title":{"rendered":"Maximiliano Cantera inicia trabajos con el Aurinegro"},"content":{"rendered":"<p style=\"text-align: center;\"><img decoding=\"async\" src=\"http:\/\/gradadigital.com\/home\/wp-content\/uploads\/2018\/01\/maximiliano_cantera_deportivo_tachira.jpg\" \/><\/p>\n<p style=\"text-align: justify;\"><strong>Prensa Deportivo T\u00e1chira FC &#8211;<\/strong> El volante uruguayo Maximiliano Cantera se uni\u00f3 este mi\u00e9rcoles, 3 de enero, a las labores de pretemporada, realizando su primera sesi\u00f3n de entrenamiento en la cancha alterna de Pueblo Nuevo, firmando contrato por un a\u00f1o con el Carrusel Aurinegro.<\/p>\n<p style=\"text-align: justify;\">El mediocampista llega al Deportivo T\u00e1chira FC proveniente del Centro Atl\u00e9tico F\u00e9nix, en su \u00faltimo paso por esa instituci\u00f3n disput\u00f3 14 compromisos, 13 como titular, acumulando 1180 minutos de juego y consiguiendo adjudicarse dos goles.<\/p>\n<p style=\"text-align: justify;\">Esta ser\u00e1 su primera experiencia profesional con un club fuera de su pa\u00eds, antes de llegar al Carrusel Aurinegro, Cantera jug\u00f3 en la m\u00e1xima categor\u00eda con Cerro Largo FC y Liverpool FC, en los cuales tom\u00f3 rodaje que le permiti\u00f3 ser un efectivo de relevancia en la liga charr\u00faa.<\/p>\n<p style=\"text-align: justify;\">En su palmar\u00e9s ostenta la consecuci\u00f3n del t\u00edtulo de la Segunda Divisi\u00f3n con Liverpool, logrando el ascenso y tambi\u00e9n ha estado presente en dos ediciones de la Copa Sudamericana, en las temporadas 2016 y 2017.<\/p>\n<p style=\"text-align: justify;\">Cantera llega para reforzar la zona de creaci\u00f3n del plantel atigrado de cara al inicio de la campa\u00f1a 2018, donde adem\u00e1s del certamen local, tendr\u00e1 participaci\u00f3n en la Conmebol Libertadores Bridgestone.<\/p>\n<p style=\"text-align: justify;\"><strong><span style=\"text-decoration: underline;\">Ficha T\u00e9cnica<\/span>:<\/strong><br \/>\n<strong>Nombres y apellidos:<\/strong> Marcos Maximiliano Cantera Mora.<br \/>\n<strong>Fecha de nacimiento:<\/strong> 10 de mayo de 1993.<br \/>\n<strong>Estatura:<\/strong> 1.84 m.<br \/>\n<strong>Peso:<\/strong> 80 kg.<br \/>\n<strong>Perfil:<\/strong> Derecho.<br \/>\n<strong>Trayectoria:<\/strong> Cerro Largo FC, Liverpool FC, CA F\u00e9nix.<\/p>\n","protected":false},"excerpt":{"rendered":"<p>Prensa Deportivo T\u00e1chira FC &#8211; El volante uruguayo Maximiliano Cantera se uni\u00f3 este mi\u00e9rcoles, 3 de enero, a las labores de pretemporada, realizando su primera sesi\u00f3n de entrenamiento en la cancha alterna de Pueblo Nuevo, firmando contrato por un a\u00f1o con el Carrusel Aurinegro. El mediocampista llega al Deportivo T\u00e1chira FC proveniente del Centro Atl\u00e9tico &#8230;<\/p>\n","protected":false},"author":3,"featured_media":35252,"comment_status":"closed","ping_status":"closed","sticky":false,"template":"","format":"standard","meta":{"footnotes":""},"categories":[752,11,5,31],"tags":[1840,871,1834,2108,1852],"class_list":["post-35251","post","type-post","status-publish","format-standard","has-post-thumbnail","hentry","category-appgd","category-deportivo-tachira","category-futbol-nacional","category-primera-division","tag-deportivo-tachira","tag-deportivo-tachira-fc","tag-futbol-nacional","tag-maximiliano-cantera","tag-primera-division"],"_links":{"self":[{"href":"http:\/\/gradadigital.com\/home\/wp-json\/wp\/v2\/posts\/35251","targetHints":{"allow":["GET"]}}],"collection":[{"href":"http:\/\/gradadigital.com\/home\/wp-json\/wp\/v2\/posts"}],"about":[{"href":"http:\/\/gradadigital.com\/home\/wp-json\/wp\/v2\/types\/post"}],"author":[{"embeddable":true,"href":"http:\/\/gradadigital.com\/home\/wp-json\/wp\/v2\/users\/3"}],"replies":[{"embeddable":true,"href":"http:\/\/gradadigital.com\/home\/wp-json\/wp\/v2\/comments?post=35251"}],"version-history":[{"count":2,"href":"http:\/\/gradadigital.com\/home\/wp-json\/wp\/v2\/posts\/35251\/revisions"}],"predecessor-version":[{"id":35255,"href":"http:\/\/gradadigital.com\/home\/wp-json\/wp\/v2\/posts\/35251\/revisions\/35255"}],"wp:featuredmedia":[{"embeddable":true,"href":"http:\/\/gradadigital.com\/home\/wp-json\/wp\/v2\/media\/35252"}],"wp:attachment":[{"href":"http:\/\/gradadigital.com\/home\/wp-json\/wp\/v2\/media?parent=35251"}],"wp:term":[{"taxonomy":"category","embeddable":true,"href":"http:\/\/gradadigital.com\/home\/wp-json\/wp\/v2\/categories?post=35251"},{"taxonomy":"post_tag","embeddable":true,"href":"http:\/\/gradadigital.com\/home\/wp-json\/wp\/v2\/tags?post=35251"}],"curies":[{"name":"wp","href":"https:\/\/api.w.org\/{rel}","templated":true}]}}