{"id":35248,"date":"2018-01-03T16:31:15","date_gmt":"2018-01-03T21:01:15","guid":{"rendered":"http:\/\/gradadigital.com\/home\/?p=35248"},"modified":"2018-01-03T16:31:15","modified_gmt":"2018-01-03T21:01:15","slug":"el-argentino-juan-vogliotti-traslada-su-artilleria-a-monagas","status":"publish","type":"post","link":"http:\/\/gradadigital.com\/home\/el-argentino-juan-vogliotti-traslada-su-artilleria-a-monagas\/","title":{"rendered":"El argentino Juan Vogliotti traslada su artiller\u00eda a Monagas"},"content":{"rendered":"<p style=\"text-align: center;\"><img decoding=\"async\" src=\"http:\/\/gradadigital.com\/home\/wp-content\/uploads\/2018\/01\/juan_vogliotti.jpg\" \/><\/p>\n<p style=\"text-align: justify;\"><strong>Prensa Monagas SC &#8211;<\/strong> Tras la venta de Anthony Blondell a Vancouver Whitecaps FC, la dirigencia del Monagas Sport Club, encabezada por Nicol\u00e1s Fern\u00e1ndez, ha trabajado en reforzar el ataque azulgrana pensando en lo que ser\u00e1 la Temporada 2018, es por ello que anunciaron la contrataci\u00f3n del delantero argentino Juan Vogliotti.<\/p>\n<p style=\"text-align: justify;\">El atacante, de 32 a\u00f1os de edad, sell\u00f3 su v\u00ednculo con la instituci\u00f3n monaguense por un a\u00f1o y viene de vestir la camiseta de Sport Boys Warnes de la Primera Divisi\u00f3n del f\u00fatbol profesional boliviano. <strong>\u201cEstoy muy contento. Es un desaf\u00edo muy importante para m\u00ed venir a un equipo que viene de salir campe\u00f3n\u201d<\/strong>, manifest\u00f3 de entrada el cordob\u00e9s.<\/p>\n<p style=\"text-align: justify;\">Asimismo, habl\u00f3 sobre c\u00f3mo se dio su llegada al campe\u00f3n de Venezuela y explic\u00f3 que <strong>\u201cmi objetivo principal era cambiar de pa\u00eds y luego se dio la posibilidad de venir a Venezuela, tuve otros dos acercamientos pero Monagas fue el m\u00e1s importante, el que m\u00e1s me convenci\u00f3. Vamos a jugar Libertadores y es una motivaci\u00f3n extra venir al equipo campe\u00f3n. No dud\u00e9 en hacerlo\u201d<\/strong>.<\/p>\n<p style=\"text-align: justify;\">Vogliotti tuvo destacadas campa\u00f1as en el balompi\u00e9 del altiplano, pues con el cuadro azul logr\u00f3 49 partidos jugados y 23 goles, mientras que en la Temporada 2016 registr\u00f3 17 dianas en 37 contiendas con Cicl\u00f3n. <strong>\u201cMis tres a\u00f1os en Bolivia fueron muy buenos, me adapt\u00e9 muy r\u00e1pido all\u00e1, se sabe que es un f\u00fatbol complicado por el tema de la altura, pero ac\u00e1 en Venezuela el f\u00fatbol tambi\u00e9n es bastante exigente\u201d<\/strong>, apunt\u00f3, a lo que enseguida agreg\u00f3 que <strong>\u201cla idea siempre es convertir goles y vengo con esa mentalidad positiva, m\u00e1s que nada para que ganemos y el equipo siga peleando arriba nuevamente, esa es la intenci\u00f3n de los dirigentes, del grupo y del cuerpo t\u00e9cnico\u201d<\/strong>.<\/p>\n<p style=\"text-align: justify;\">El atacante argentino estar\u00e1 disputando su segunda Copa Libertadores consecutiva, pues en la reciente campa\u00f1a lo hizo con su antiguo club, donde enfrent\u00f3 a Atl\u00e9tico Mineiro, Godoy Cruz y Libertad, marc\u00e1ndole gol a este \u00faltimo. <strong>\u201cTendr\u00e9 la oportunidad de volver a jugar una Libertadores, me toc\u00f3 el a\u00f1o pasado con Sport Boys y s\u00e9 que para el club ser\u00e1 la primera vez, as\u00ed que es un desaf\u00edo lindo, importante y ojal\u00e1 que estemos a la altura en lo grupal primero, y luego en lo personal tratar de hacer muchos goles para que el equipo consiga buenos resultados\u201d<\/strong>.<\/p>\n<p style=\"text-align: justify;\">Antes de concretar su llegada al azulgrana, Vogliotti averigu\u00f3 sobre lo que ser\u00e1 su nuevo hogar, pues tuvo la oportunidad de conversar con Joaqu\u00edn Lencinas y Lucas Trejo, adem\u00e1s de otros compa\u00f1eros que han hecho vida en el balompi\u00e9 criollo. <strong>\u201cLes pregunt\u00e9 sobre la ciudad, cu\u00e1les eran los objetivos del club y eso fue lo que me motiv\u00f3 de venir a Monagas. Previamente a mi arreglo ya hab\u00eda conversado con ellos (Trejo y Lencinas), con Tommy Tobar y Grenddy Perozo. Trataremos de trabajar de la mejor manera para ayudar al equipo a conseguir los mismos o mejores resultados de lo que se consigui\u00f3 el a\u00f1o pasado. Ser\u00e1 un reto dif\u00edcil, pero hay material y equipo para poder conseguirlo\u201d<\/strong>.<\/p>\n<p style=\"text-align: justify;\">Para finalizar, el artillero cordob\u00e9s envi\u00f3 un mensaje a la afici\u00f3n de lo que viene a ofrecer en este nuevo reto que se traza en su carrera. <strong>\u201cTrabajo, seriedad y compromiso con el club. Lo tomo como un trabajo, en el que me tiene que ir bien para seguir mejorando en lo personal y para tratar de ayudar al club a conseguir los resultados. Ojal\u00e1 que ese sacrificio y actitud en la cancha, vaya acompa\u00f1ado de muchos goles, eso es lo que uno quiere, pero sobre el rendimiento individual, est\u00e1n los colectivos y ojal\u00e1 logremos cada uno de los objetivos grupales que nos propongamos desde la pretemporada\u201d<\/strong>, sentenci\u00f3.<\/p>\n<p style=\"text-align: justify;\">Juan Vogliotti ya lleg\u00f3 a Venezuela para iniciar la pretemporada azulgrana junto al resto del plantel en Acarigua, convirti\u00e9ndose as\u00ed en la tercera incorporaci\u00f3n del vigente campe\u00f3n del balompi\u00e9 criollo tras el regreso de Luis &#8216;Cariaco&#8217; Gonz\u00e1lez, tras su pr\u00e9stamo en el FC Dallas, y el anuncio del Vinotinto Sub-20, Roberto Chac\u00f3n, quien lleg\u00f3 cedido por un a\u00f1o del Deportivo T\u00e1chira.<\/p>\n<p style=\"text-align: justify;\"><strong><span style=\"text-decoration: underline;\">Ficha T\u00e9cnica<\/span>:<\/strong><br \/>\n<strong>Nombre y apellido:<\/strong> Juan Leandro Vogliotti<br \/>\n<strong>Nacionalidad:<\/strong> Argentino<br \/>\n<strong>Posici\u00f3n:<\/strong> Delantero<br \/>\n<strong>Estatura:<\/strong> 1.80 m<br \/>\n<strong>Peso:<\/strong> 79 kg<br \/>\n<strong>Perfil:<\/strong> Derecho<br \/>\n<strong>\u00daltimo club:<\/strong> Sport Boys Warnes (Bolivia)<\/p>\n","protected":false},"excerpt":{"rendered":"<p>Prensa Monagas SC &#8211; Tras la venta de Anthony Blondell a Vancouver Whitecaps FC, la dirigencia del Monagas Sport Club, encabezada por Nicol\u00e1s Fern\u00e1ndez, ha trabajado en reforzar el ataque azulgrana pensando en lo que ser\u00e1 la Temporada 2018, es por ello que anunciaron la contrataci\u00f3n del delantero argentino Juan Vogliotti. El atacante, de 32 &#8230;<\/p>\n","protected":false},"author":3,"featured_media":35249,"comment_status":"closed","ping_status":"closed","sticky":false,"template":"","format":"standard","meta":{"footnotes":""},"categories":[752,5,16,31],"tags":[1834,2107,1885,1886,1852],"class_list":["post-35248","post","type-post","status-publish","format-standard","has-post-thumbnail","hentry","category-appgd","category-futbol-nacional","category-monagas-sc","category-primera-division","tag-futbol-nacional","tag-juan-vogliotti","tag-monagas","tag-monagas-sc","tag-primera-division"],"_links":{"self":[{"href":"http:\/\/gradadigital.com\/home\/wp-json\/wp\/v2\/posts\/35248","targetHints":{"allow":["GET"]}}],"collection":[{"href":"http:\/\/gradadigital.com\/home\/wp-json\/wp\/v2\/posts"}],"about":[{"href":"http:\/\/gradadigital.com\/home\/wp-json\/wp\/v2\/types\/post"}],"author":[{"embeddable":true,"href":"http:\/\/gradadigital.com\/home\/wp-json\/wp\/v2\/users\/3"}],"replies":[{"embeddable":true,"href":"http:\/\/gradadigital.com\/home\/wp-json\/wp\/v2\/comments?post=35248"}],"version-history":[{"count":1,"href":"http:\/\/gradadigital.com\/home\/wp-json\/wp\/v2\/posts\/35248\/revisions"}],"predecessor-version":[{"id":35250,"href":"http:\/\/gradadigital.com\/home\/wp-json\/wp\/v2\/posts\/35248\/revisions\/35250"}],"wp:featuredmedia":[{"embeddable":true,"href":"http:\/\/gradadigital.com\/home\/wp-json\/wp\/v2\/media\/35249"}],"wp:attachment":[{"href":"http:\/\/gradadigital.com\/home\/wp-json\/wp\/v2\/media?parent=35248"}],"wp:term":[{"taxonomy":"category","embeddable":true,"href":"http:\/\/gradadigital.com\/home\/wp-json\/wp\/v2\/categories?post=35248"},{"taxonomy":"post_tag","embeddable":true,"href":"http:\/\/gradadigital.com\/home\/wp-json\/wp\/v2\/tags?post=35248"}],"curies":[{"name":"wp","href":"https:\/\/api.w.org\/{rel}","templated":true}]}}