{"id":35213,"date":"2018-01-02T22:55:33","date_gmt":"2018-01-03T03:25:33","guid":{"rendered":"http:\/\/gradadigital.com\/home\/?p=35213"},"modified":"2018-01-02T22:55:33","modified_gmt":"2018-01-03T03:25:33","slug":"roberto-chacon-buscara-sumar-experiencia-en-monagas","status":"publish","type":"post","link":"http:\/\/gradadigital.com\/home\/roberto-chacon-buscara-sumar-experiencia-en-monagas\/","title":{"rendered":"Roberto Chac\u00f3n buscar\u00e1 sumar experiencia en Monagas"},"content":{"rendered":"<p style=\"text-align: center;\"><img decoding=\"async\" src=\"http:\/\/gradadigital.com\/home\/wp-content\/uploads\/2018\/01\/roberto_chacon_deportivo_tachira.jpg\" \/><\/p>\n<p style=\"text-align: justify;\"><strong>Prensa Monagas SC &#8211;<\/strong> El campe\u00f3n de Venezuela se prepara para encarar un 2018 lleno de nuevos retos y expectativas, es por ello que ya la junta directiva del Monagas Sport Club, encabezada por Nicol\u00e1s Fern\u00e1ndez, ha trabajado en reforzar y confeccionar la plantilla del azulgrana, anunciando este martes, 2 de enero, la incorporaci\u00f3n del Vinotinto Sub-20, Roberto Chac\u00f3n, a las filas de los Guerreros del Guarapiche.<\/p>\n<p style=\"text-align: justify;\">El joven defensor, de 18 a\u00f1os de edad, llega procedente del Deportivo T\u00e1chira FC en condici\u00f3n de pr\u00e9stamo por un a\u00f1o con opci\u00f3n de compra del 50%. Asimismo, su experiencia m\u00e1s reciente fue con Trujillanos FC, donde disput\u00f3 nueve partidos con la camiseta aurimarr\u00f3n.<\/p>\n<p style=\"text-align: justify;\"><strong>\u201cEs una emoci\u00f3n muy grande llegar a las filas del campe\u00f3n de Venezuela. Es una bonita experiencia, un reto muy importante que espero aprovechar de la mejor manera. Es un desaf\u00edo enorme que me llena de ilusi\u00f3n\u201d<\/strong>, fueron las primeras palabras del zaguero que tambi\u00e9n puede fungir como lateral derecho.<\/p>\n<p style=\"text-align: justify;\">Asimismo, habl\u00f3 sobre lo que representa vestir los colores del vigente monarca del balompi\u00e9 criollo y declar\u00f3 que <strong>\u201cespero estar a la altura y a las expectativas del club. Vine para colocar mi grano de arena y quiero acoplarme r\u00e1pido conociendo la forma de trabajo del cuerpo t\u00e9cnico para poder dar lo mejor en este inicio de temporada\u201d<\/strong>.<\/p>\n<p style=\"text-align: justify;\">El novel tachirense buscar\u00e1 ganarse un puesto en las filas de los Guerreros del Guarapiche, con la firme intenci\u00f3n de continuar sumando partidos y minutos en su carrera para tambi\u00e9n seguir siendo tomado en cuenta en la Vinotinto Sub-20.<\/p>\n<p style=\"text-align: justify;\"><strong>\u201cEstar en la \u00f3rbita de la selecci\u00f3n es un orgullo muy grande, ha sido una linda experiencia y la he aprovechado al m\u00e1ximo, espero poder seguir manteni\u00e9ndome en las convocatorias, trabajar\u00e9 este a\u00f1o muy fuerte para que sea as\u00ed\u201d<\/strong>, asever\u00f3.<\/p>\n<p style=\"text-align: justify;\">De igual forma, Chac\u00f3n habl\u00f3 sobre los objetivos de la divisa monaguense en el 2018, en donde adem\u00e1s deber\u00e1n afrontar la primera participaci\u00f3n hist\u00f3rica del club oriental en la Copa Libertadores. <strong>\u201cSe va vivir una temporada de ensue\u00f1o para todo el equipo, disputar dos torneos no ser\u00e1 sencillo, pero jugar la Copa Libertadores es algo que llena de ilusi\u00f3n. Ser\u00eda cumplir un sue\u00f1o y espero estar a la altura de lo que exija el profesor para afrontar ese desaf\u00edo\u201d<\/strong>.<\/p>\n<p style=\"text-align: justify;\">Finalmente, envi\u00f3 un saludo a la afici\u00f3n azulgrana. <strong>\u201cConf\u00eden en el compromiso que tendr\u00e9 con el club. Entregar\u00e9 lo mejor en cada partido y espero dar mi aporte a las aspiraciones que tiene esta gran instituci\u00f3n\u201d<\/strong>.<\/p>\n<p style=\"text-align: justify;\">Chac\u00f3n viene realizando pretemporada con Deportivo T\u00e1chira y ya parti\u00f3 a Acarigua para incorporarse a los preparativos del Monagas Sport Club que iniciar\u00e1n este mi\u00e9rcoles, 3 de enero, bajo las \u00f3rdenes del cuerpo t\u00e9cnico liderado por Jhonny Ferreira.<\/p>\n","protected":false},"excerpt":{"rendered":"<p>Prensa Monagas SC &#8211; El campe\u00f3n de Venezuela se prepara para encarar un 2018 lleno de nuevos retos y expectativas, es por ello que ya la junta directiva del Monagas Sport Club, encabezada por Nicol\u00e1s Fern\u00e1ndez, ha trabajado en reforzar y confeccionar la plantilla del azulgrana, anunciando este martes, 2 de enero, la incorporaci\u00f3n del &#8230;<\/p>\n","protected":false},"author":3,"featured_media":35212,"comment_status":"closed","ping_status":"closed","sticky":false,"template":"","format":"standard","meta":{"footnotes":""},"categories":[752,11,5,16,31],"tags":[1834,1885,1886,1852,2101],"class_list":["post-35213","post","type-post","status-publish","format-standard","has-post-thumbnail","hentry","category-appgd","category-deportivo-tachira","category-futbol-nacional","category-monagas-sc","category-primera-division","tag-futbol-nacional","tag-monagas","tag-monagas-sc","tag-primera-division","tag-roberto-chacon"],"_links":{"self":[{"href":"http:\/\/gradadigital.com\/home\/wp-json\/wp\/v2\/posts\/35213","targetHints":{"allow":["GET"]}}],"collection":[{"href":"http:\/\/gradadigital.com\/home\/wp-json\/wp\/v2\/posts"}],"about":[{"href":"http:\/\/gradadigital.com\/home\/wp-json\/wp\/v2\/types\/post"}],"author":[{"embeddable":true,"href":"http:\/\/gradadigital.com\/home\/wp-json\/wp\/v2\/users\/3"}],"replies":[{"embeddable":true,"href":"http:\/\/gradadigital.com\/home\/wp-json\/wp\/v2\/comments?post=35213"}],"version-history":[{"count":1,"href":"http:\/\/gradadigital.com\/home\/wp-json\/wp\/v2\/posts\/35213\/revisions"}],"predecessor-version":[{"id":35217,"href":"http:\/\/gradadigital.com\/home\/wp-json\/wp\/v2\/posts\/35213\/revisions\/35217"}],"wp:featuredmedia":[{"embeddable":true,"href":"http:\/\/gradadigital.com\/home\/wp-json\/wp\/v2\/media\/35212"}],"wp:attachment":[{"href":"http:\/\/gradadigital.com\/home\/wp-json\/wp\/v2\/media?parent=35213"}],"wp:term":[{"taxonomy":"category","embeddable":true,"href":"http:\/\/gradadigital.com\/home\/wp-json\/wp\/v2\/categories?post=35213"},{"taxonomy":"post_tag","embeddable":true,"href":"http:\/\/gradadigital.com\/home\/wp-json\/wp\/v2\/tags?post=35213"}],"curies":[{"name":"wp","href":"https:\/\/api.w.org\/{rel}","templated":true}]}}