{"id":35209,"date":"2018-01-02T22:46:04","date_gmt":"2018-01-03T03:16:04","guid":{"rendered":"http:\/\/gradadigital.com\/home\/?p=35209"},"modified":"2018-01-02T22:47:32","modified_gmt":"2018-01-03T03:17:32","slug":"luis-chacon-a-brillar-en-el-mediocampo-aurinegro","status":"publish","type":"post","link":"http:\/\/gradadigital.com\/home\/luis-chacon-a-brillar-en-el-mediocampo-aurinegro\/","title":{"rendered":"Luis Chac\u00f3n a brillar en el mediocampo Aurinegro"},"content":{"rendered":"<p style=\"text-align: center;\"><img decoding=\"async\" src=\"http:\/\/gradadigital.com\/home\/wp-content\/uploads\/2018\/01\/luis_chacon_deportivo_tachira.jpg\" \/><\/p>\n<p style=\"text-align: justify;\"><strong>Prensa Deportivo T\u00e1chira FC &#8211;<\/strong> El volante creativo Luis Alfredo Chac\u00f3n Largo formar\u00e1 parte de la plantilla atigrada por las pr\u00f3ximas tres temporadas; reto que asumir\u00e1 el joven tachirense, con extenso rodaje en la Segunda Divisi\u00f3n con el Ure\u00f1a SC y una zafra en la categor\u00eda de oro del f\u00fatbol venezolano.<\/p>\n<p style=\"text-align: justify;\">El oriundo del municipio Pedro Mar\u00eda Ure\u00f1a ya suma bastantes sesiones de alistamiento dentro de la pretemporada aurinegra y apunta a formar parte del esquema r\u00e1pido y de mucha juventud que desea aplicar Francesco Stifano en la venidera campa\u00f1a.<\/p>\n<p style=\"text-align: justify;\">El fronterizo estuvo presente en el ascenso de la divisa azucarera en el 2015, disputando el Torneo Adecuaci\u00f3n de ese a\u00f1o y toda la Temporada 2016; en esa \u00faltima retornar\u00edan a la divisi\u00f3n de plata. En la campa\u00f1a 2017, estuvieron a un paso de inscribirse nuevamente en la \u00e9lite del balompi\u00e9 criollo.<\/p>\n<p style=\"text-align: justify;\">En el 2016, mientras militaba en la divisi\u00f3n de honor, el ure\u00f1ense accion\u00f3 en 28 cotejos y defini\u00f3 en tres oportunidades. En la 2017, aport\u00f3 13 tantos entre Torneo Apertura, Clausura y Hexagonal Final, adem\u00e1s contribuy\u00f3 con 15 asistencias.<\/p>\n<p style=\"text-align: justify;\">Chac\u00f3n, nacido el 24 de junio de 1995, se hizo espacio en la tropa sancristobalense destacando durante toda su carrera en el combinado tambi\u00e9n tachirense, con una clara visi\u00f3n de juego y vislumbrando en los escenarios para firmar un hecho memorable en su trayectoria, como lo es sumarse a la causa atigrada.<\/p>\n<p style=\"text-align: justify;\"><strong><span style=\"text-decoration: underline;\">Ficha T\u00e9cnica<\/span>:<\/strong><br \/>\n<strong>Nombres y Apellidos:<\/strong> Luis Alfredo Chac\u00f3n Largo.<br \/>\n<strong>Lugar de Nacimiento:<\/strong> Ure\u00f1a, estado T\u00e1chira, Venezuela.<br \/>\n<strong>Fecha de Nacimiento:<\/strong> 24 de junio de 1995.<br \/>\n<strong>Edad:<\/strong> 22 a\u00f1os.<br \/>\n<strong>Posici\u00f3n:<\/strong> Volante.<br \/>\n<strong>Peso:<\/strong> 58 kg.<br \/>\n<strong>Estatura:<\/strong> 1.64 m.<br \/>\n<strong>Trayectoria:<\/strong> Ure\u00f1a SC.<\/p>\n","protected":false},"excerpt":{"rendered":"<p>Prensa Deportivo T\u00e1chira FC &#8211; El volante creativo Luis Alfredo Chac\u00f3n Largo formar\u00e1 parte de la plantilla atigrada por las pr\u00f3ximas tres temporadas; reto que asumir\u00e1 el joven tachirense, con extenso rodaje en la Segunda Divisi\u00f3n con el Ure\u00f1a SC y una zafra en la categor\u00eda de oro del f\u00fatbol venezolano. El oriundo del municipio &#8230;<\/p>\n","protected":false},"author":3,"featured_media":35211,"comment_status":"closed","ping_status":"closed","sticky":false,"template":"","format":"standard","meta":{"footnotes":""},"categories":[752,11,5,31],"tags":[1840,871,1834,2100,1852],"class_list":["post-35209","post","type-post","status-publish","format-standard","has-post-thumbnail","hentry","category-appgd","category-deportivo-tachira","category-futbol-nacional","category-primera-division","tag-deportivo-tachira","tag-deportivo-tachira-fc","tag-futbol-nacional","tag-luis-chacon","tag-primera-division"],"_links":{"self":[{"href":"http:\/\/gradadigital.com\/home\/wp-json\/wp\/v2\/posts\/35209","targetHints":{"allow":["GET"]}}],"collection":[{"href":"http:\/\/gradadigital.com\/home\/wp-json\/wp\/v2\/posts"}],"about":[{"href":"http:\/\/gradadigital.com\/home\/wp-json\/wp\/v2\/types\/post"}],"author":[{"embeddable":true,"href":"http:\/\/gradadigital.com\/home\/wp-json\/wp\/v2\/users\/3"}],"replies":[{"embeddable":true,"href":"http:\/\/gradadigital.com\/home\/wp-json\/wp\/v2\/comments?post=35209"}],"version-history":[{"count":2,"href":"http:\/\/gradadigital.com\/home\/wp-json\/wp\/v2\/posts\/35209\/revisions"}],"predecessor-version":[{"id":35216,"href":"http:\/\/gradadigital.com\/home\/wp-json\/wp\/v2\/posts\/35209\/revisions\/35216"}],"wp:featuredmedia":[{"embeddable":true,"href":"http:\/\/gradadigital.com\/home\/wp-json\/wp\/v2\/media\/35211"}],"wp:attachment":[{"href":"http:\/\/gradadigital.com\/home\/wp-json\/wp\/v2\/media?parent=35209"}],"wp:term":[{"taxonomy":"category","embeddable":true,"href":"http:\/\/gradadigital.com\/home\/wp-json\/wp\/v2\/categories?post=35209"},{"taxonomy":"post_tag","embeddable":true,"href":"http:\/\/gradadigital.com\/home\/wp-json\/wp\/v2\/tags?post=35209"}],"curies":[{"name":"wp","href":"https:\/\/api.w.org\/{rel}","templated":true}]}}