{"id":35202,"date":"2018-01-02T11:57:35","date_gmt":"2018-01-02T16:27:35","guid":{"rendered":"http:\/\/gradadigital.com\/home\/?p=35202"},"modified":"2018-01-02T11:57:35","modified_gmt":"2018-01-02T16:27:35","slug":"el-campeon-de-venezuela-arranca-manana-su-pretemporada","status":"publish","type":"post","link":"http:\/\/gradadigital.com\/home\/el-campeon-de-venezuela-arranca-manana-su-pretemporada\/","title":{"rendered":"El campe\u00f3n de Venezuela arranca ma\u00f1ana su pretemporada"},"content":{"rendered":"<p style=\"text-align: center;\"><img decoding=\"async\" src=\"http:\/\/gradadigital.com\/home\/wp-content\/uploads\/2018\/01\/jhonny_ferreira_monagas.jpg\" \/><\/p>\n<p style=\"text-align: justify;\"><strong>Prensa Monagas SC &#8211;<\/strong> El campe\u00f3n del f\u00fatbol profesional venezolano ya tiene fecha de regreso a los entrenamientos. Los dirigidos por Jhonny Ferreira partir\u00e1n hoy al occidente del pa\u00eds para arrancar su pretemporada este mi\u00e9rcoles 3 de enero en Acarigua, estado Portuguesa, territorio donde el azulgrana prepar\u00f3 la temporada 2017 en la que termin\u00f3 coron\u00e1ndose como monarca del balompi\u00e9 criollo.<\/p>\n<p style=\"text-align: justify;\">Jes\u00fas Gil, preparador f\u00edsico del elenco monaguense habl\u00f3 sobre la programaci\u00f3n del club durante su estad\u00eda en tierras llaneras de cara al inicio del Torneo Apertura 2018, a\u00f1o en el que Monagas Sport Club jugar\u00e1 por primera vez en su historia la Copa Libertadores y en el que buscar\u00e1 continuar consolid\u00e1ndose como uno de los clubes m\u00e1s s\u00f3lidos del balompi\u00e9 criollo.<\/p>\n<p style=\"text-align: justify;\">Los Guerreros del Guarapiche, luego de consagrarse campeones absolutos del f\u00fatbol profesional venezolano, recibieron un merecido descanso para compartir con sus seres queridos en la temporada navide\u00f1a, como premio al t\u00edtulo obtenido.<\/p>\n<p style=\"text-align: justify;\">Despu\u00e9s de 15 d\u00edas de vacaciones, el cuadro oriental regresa a la acci\u00f3n y se mantendr\u00e1 en carretera hasta los d\u00edas previos al inicio del Apertura 2018. Trabajos de readaptaci\u00f3n y retomar el ritmo futbol\u00edstico id\u00f3neo ser\u00e1n las premisas en las que se basar\u00e1 el cuerpo t\u00e9cnico azulgrana encabezado por Jhonny Ferreira.<\/p>\n<p style=\"text-align: justify;\">Cabe destacar que el club maturin\u00e9s jugar\u00e1 partidos de talla internacional por lo que ser\u00e1 necesario intensificar el ritmo de la plantilla para competir en Copa Libertadores. La expedici\u00f3n monaguense partir\u00e1 desde Matur\u00edn hacia Acarigua, integrada por jugadores y cuerpo t\u00e9cnico que se mantendr\u00e1n durante m\u00e1s de 20 d\u00edas afinando detalles para encarar un 2018 lleno de retos.<\/p>\n<p style=\"text-align: justify;\"><strong>Encienden los motores<\/strong><br \/>\nEn esta nueva etapa, el combinado de \u201cLa Ciudad Distinta\u201d buscar\u00e1 emular o mejorar lo conseguido en la anterior zafra, siempre con la convicci\u00f3n de mantener al equipo entre los m\u00e1s regulares y competitivos del pa\u00eds. Para esto, el cuerpo de entrenadores aprovech\u00f3 el par\u00f3n decembrino para analizar y evaluar los partidos del azulgrana durante la pasada campa\u00f1a.<\/p>\n<p style=\"text-align: justify;\">El departamento m\u00e9dico encabezado por el doctor Edilio D\u00edaz se encargar\u00e1 de valorar el estado de forma en el que regresar\u00e1n los jugadores con el fin de evitar una futura lesi\u00f3n y a su vez poner en marcha un plan elaborado junto al \u00e1rea de nutrici\u00f3n y psicolog\u00eda de la instituci\u00f3n en pro de que toda la plantilla pueda iniciar los entrenamientos en el pleno de sus condiciones f\u00edsicas y mentales.<\/p>\n","protected":false},"excerpt":{"rendered":"<p>Prensa Monagas SC &#8211; El campe\u00f3n del f\u00fatbol profesional venezolano ya tiene fecha de regreso a los entrenamientos. Los dirigidos por Jhonny Ferreira partir\u00e1n hoy al occidente del pa\u00eds para arrancar su pretemporada este mi\u00e9rcoles 3 de enero en Acarigua, estado Portuguesa, territorio donde el azulgrana prepar\u00f3 la temporada 2017 en la que termin\u00f3 coron\u00e1ndose &#8230;<\/p>\n","protected":false},"author":3,"featured_media":35203,"comment_status":"closed","ping_status":"closed","sticky":false,"template":"","format":"standard","meta":{"footnotes":""},"categories":[752,5,16,31],"tags":[1834,215,1885,1886,1852],"class_list":["post-35202","post","type-post","status-publish","format-standard","has-post-thumbnail","hentry","category-appgd","category-futbol-nacional","category-monagas-sc","category-primera-division","tag-futbol-nacional","tag-jhonny-ferreira","tag-monagas","tag-monagas-sc","tag-primera-division"],"_links":{"self":[{"href":"http:\/\/gradadigital.com\/home\/wp-json\/wp\/v2\/posts\/35202","targetHints":{"allow":["GET"]}}],"collection":[{"href":"http:\/\/gradadigital.com\/home\/wp-json\/wp\/v2\/posts"}],"about":[{"href":"http:\/\/gradadigital.com\/home\/wp-json\/wp\/v2\/types\/post"}],"author":[{"embeddable":true,"href":"http:\/\/gradadigital.com\/home\/wp-json\/wp\/v2\/users\/3"}],"replies":[{"embeddable":true,"href":"http:\/\/gradadigital.com\/home\/wp-json\/wp\/v2\/comments?post=35202"}],"version-history":[{"count":1,"href":"http:\/\/gradadigital.com\/home\/wp-json\/wp\/v2\/posts\/35202\/revisions"}],"predecessor-version":[{"id":35204,"href":"http:\/\/gradadigital.com\/home\/wp-json\/wp\/v2\/posts\/35202\/revisions\/35204"}],"wp:featuredmedia":[{"embeddable":true,"href":"http:\/\/gradadigital.com\/home\/wp-json\/wp\/v2\/media\/35203"}],"wp:attachment":[{"href":"http:\/\/gradadigital.com\/home\/wp-json\/wp\/v2\/media?parent=35202"}],"wp:term":[{"taxonomy":"category","embeddable":true,"href":"http:\/\/gradadigital.com\/home\/wp-json\/wp\/v2\/categories?post=35202"},{"taxonomy":"post_tag","embeddable":true,"href":"http:\/\/gradadigital.com\/home\/wp-json\/wp\/v2\/tags?post=35202"}],"curies":[{"name":"wp","href":"https:\/\/api.w.org\/{rel}","templated":true}]}}