{"id":35127,"date":"2017-12-28T21:37:59","date_gmt":"2017-12-29T02:07:59","guid":{"rendered":"http:\/\/gradadigital.com\/home\/?p=35127"},"modified":"2017-12-29T10:29:43","modified_gmt":"2017-12-29T14:59:43","slug":"miguel-mea-vitali-es-el-nuevo-gerente-deportivo-del-caracas","status":"publish","type":"post","link":"http:\/\/gradadigital.com\/home\/miguel-mea-vitali-es-el-nuevo-gerente-deportivo-del-caracas\/","title":{"rendered":"Miguel Mea Vitali es el nuevo gerente deportivo del Caracas"},"content":{"rendered":"<div>\n<p style=\"text-align: center;\"><img decoding=\"async\" src=\"http:\/\/gradadigital.com\/home\/wp-content\/uploads\/2017\/12\/miguel_mea_vitali_caracas-1.jpg\" \/><\/p>\n<p class=\"m_-5953396140310147755m_-36643661857115647gmail-m_229626434579973726m_6866539335237860558gmail-MsoNormal\" style=\"text-align: justify;\"><strong>Anapaula Ovalles \/ Prensa CFC &#8211;<\/strong>\u00a0La Junta Directiva del Caracas F\u00fatbol Club anuncia la designaci\u00f3n de Miguel Mea Vitali como Gerente Deportivo de la instituci\u00f3n m\u00e1s ganadora del balompi\u00e9 venezolano. El ahora exjugador avile\u00f1o, dejar\u00e1 de lado las canchas para tomar responsabilidad a nivel deportivo dentro de la organizaci\u00f3n de la Cota 905.<\/p>\n<p class=\"m_-5953396140310147755m_-36643661857115647gmail-m_229626434579973726m_6866539335237860558gmail-MsoNormal\" style=\"text-align: justify;\">Tras ser nombrado con este cargo, Mea Vitali dedic\u00f3 palabras de agradecimiento a la directiva de la instituci\u00f3n avile\u00f1a por la confianza otorgada y se\u00f1al\u00f3 que espera cumplir con las exigencias planteadas.\u00a0<strong>\u201cMe siento muy orgulloso de poder asumir esta enorme responsabilidad que me han dado. Principalmente agradecer por la confianza que me ha brindado Philip Valentiner, Rostin Gonz\u00e1lez y el Grupo Vargas. Espero cumplir con las expectativas y estar a la altura del cargo\u201d<\/strong>.<\/p>\n<p class=\"m_-5953396140310147755m_-36643661857115647gmail-m_229626434579973726m_6866539335237860558gmail-MsoNormal\" style=\"text-align: justify;\">Adem\u00e1s, manifest\u00f3 que su meta principal con el equipo once veces campe\u00f3n de Venezuela ser\u00e1 mantener un alto nivel competitivo para as\u00ed consolidarse a nivel organizativo y deportivo.\u00a0<strong>\u201cDentro de nuestros objetivos siempre estar\u00e1 tener un alto sentido de competencia, tanto en el primer equipo como en las categor\u00edas menores lo que queremos es pelear cada campeonato y ser un ejemplo a nivel organizacional y deportivo para todo el pa\u00eds\u201d<\/strong>,\u00a0se\u00f1al\u00f3 el exjugador de 36 a\u00f1os.<\/p>\n<p class=\"m_-5953396140310147755m_-36643661857115647gmail-m_229626434579973726m_6866539335237860558gmail-MsoNormal\" style=\"text-align: justify;\">Por otra parte, el Gerente Deportivo de los Rojos del \u00c1vila destac\u00f3 que la experiencia que ha acumulado a lo largo de casi 20 a\u00f1os dentro del balompi\u00e9 profesional ser\u00e1 un plus para poder crear un v\u00ednculo entre los jugadores, cuerpo t\u00e9cnico y la organizaci\u00f3n avile\u00f1a.\u00a0<strong>\u201cHaber jugado, estar en un camerino, en distintas canchas y pa\u00edses, me ha dado una experiencia y me otorga una cierta ventaja. S\u00e9 c\u00f3mo piensa un futbolista, qu\u00e9 es lo que necesita para una total tranquilidad para que est\u00e9n enfocados cien por ciento en el equipo. Quiero transmitirle esa experiencia a los jugadores y al cuerpo t\u00e9cnico para que sientan el respaldo de parte de la organizaci\u00f3n para que juntos podamos lograr los objetivos\u201d<\/strong>.<\/p>\n<p class=\"m_-5953396140310147755m_-36643661857115647gmail-m_229626434579973726m_6866539335237860558gmail-MsoNormal\" style=\"text-align: justify;\">Adicionalmente, declar\u00f3 que una de sus primeras tareas estar\u00e1 enfocada en la formaci\u00f3n de los jugadores de las categor\u00edas menores del conjunto de la Cota 905, donde buscar\u00e1 brindar un aprendizaje dentro y fuera del campo.\u00a0<strong>\u201cTenemos un cuerpo t\u00e9cnico que est\u00e1 muy capacitado. Una de mis principales labores ser\u00e1 potenciar las categor\u00edas inferiores, crearles un sentido de pertenencia hacia el club, valoren donde est\u00e1n y se sientan como en su hogar. Quiero que tengan la capacidad de crecer tanto como deportistas como personas para que puedan marcar una diferencia dentro y fuera de la cancha\u201d<\/strong>.<\/p>\n<p class=\"m_-5953396140310147755m_-36643661857115647gmail-m_229626434579973726m_6866539335237860558gmail-MsoNormal\" style=\"text-align: justify;\">Miguel Mea Vitali acumul\u00f3 un total de 1649 minutos en la temporada 2017 y comparti\u00f3 sus sensaciones tras su retiro del f\u00fatbol profesional.\u00a0<strong>\u201cLuego de tantos a\u00f1os, dar un paso fuera de las canchas es bastante dif\u00edcil. Fue una decisi\u00f3n que tom\u00e9 en conjunto con mi esposa, mi hermano y allegados. Sigo estando ligado al f\u00fatbol y me siento enormemente agradecido pues me ha permitido tener una familia, estabilidad y tranquilidad, espero retribuir todo esto desde donde estoy ahora. Seguramente habr\u00e1 un partido de despedida pr\u00f3ximamente\u201d<\/strong>.<\/p>\n<p class=\"m_-5953396140310147755m_-36643661857115647gmail-m_229626434579973726m_6866539335237860558gmail-MsoNormal\" style=\"text-align: justify;\">Por \u00faltimo, el excapit\u00e1n del Caracas FC agradeci\u00f3 a la fanaticada de los Rojos del \u00c1vila.\u00a0<strong>\u201cAgradecimiento para los fan\u00e1ticos, quienes me han apoyado en todas mis facetas y siempre han tenido el aliento necesario para el equipo. A nivel personal, el respeto que han tenido hacia mi familia y el que me han brindado como jugador. Es un honor para m\u00ed poder retirarme en el equipo donde me form\u00e9 y ahora estar apoyando desde este lado\u201d<\/strong>,\u00a0finaliz\u00f3.<\/p>\n<\/div>\n","protected":false},"excerpt":{"rendered":"<p>Anapaula Ovalles \/ Prensa CFC &#8211;\u00a0La Junta Directiva del Caracas F\u00fatbol Club anuncia la designaci\u00f3n de Miguel Mea Vitali como Gerente Deportivo de la instituci\u00f3n m\u00e1s ganadora del balompi\u00e9 venezolano. El ahora exjugador avile\u00f1o, dejar\u00e1 de lado las canchas para tomar responsabilidad a nivel deportivo dentro de la organizaci\u00f3n de la Cota 905. Tras ser &#8230;<\/p>\n","protected":false},"author":3,"featured_media":35144,"comment_status":"closed","ping_status":"closed","sticky":false,"template":"","format":"standard","meta":{"footnotes":""},"categories":[752,9,5,31],"tags":[1838,1834,1112,1852],"class_list":["post-35127","post","type-post","status-publish","format-standard","has-post-thumbnail","hentry","category-appgd","category-caracas-fc","category-futbol-nacional","category-primera-division","tag-caracas-fc","tag-futbol-nacional","tag-miguel-mea-vitali","tag-primera-division"],"_links":{"self":[{"href":"http:\/\/gradadigital.com\/home\/wp-json\/wp\/v2\/posts\/35127","targetHints":{"allow":["GET"]}}],"collection":[{"href":"http:\/\/gradadigital.com\/home\/wp-json\/wp\/v2\/posts"}],"about":[{"href":"http:\/\/gradadigital.com\/home\/wp-json\/wp\/v2\/types\/post"}],"author":[{"embeddable":true,"href":"http:\/\/gradadigital.com\/home\/wp-json\/wp\/v2\/users\/3"}],"replies":[{"embeddable":true,"href":"http:\/\/gradadigital.com\/home\/wp-json\/wp\/v2\/comments?post=35127"}],"version-history":[{"count":3,"href":"http:\/\/gradadigital.com\/home\/wp-json\/wp\/v2\/posts\/35127\/revisions"}],"predecessor-version":[{"id":35149,"href":"http:\/\/gradadigital.com\/home\/wp-json\/wp\/v2\/posts\/35127\/revisions\/35149"}],"wp:featuredmedia":[{"embeddable":true,"href":"http:\/\/gradadigital.com\/home\/wp-json\/wp\/v2\/media\/35144"}],"wp:attachment":[{"href":"http:\/\/gradadigital.com\/home\/wp-json\/wp\/v2\/media?parent=35127"}],"wp:term":[{"taxonomy":"category","embeddable":true,"href":"http:\/\/gradadigital.com\/home\/wp-json\/wp\/v2\/categories?post=35127"},{"taxonomy":"post_tag","embeddable":true,"href":"http:\/\/gradadigital.com\/home\/wp-json\/wp\/v2\/tags?post=35127"}],"curies":[{"name":"wp","href":"https:\/\/api.w.org\/{rel}","templated":true}]}}