{"id":35109,"date":"2017-11-04T09:23:01","date_gmt":"2017-11-04T13:53:01","guid":{"rendered":"http:\/\/gradadigital.com\/home\/?p=35109"},"modified":"2017-11-04T09:30:27","modified_gmt":"2017-11-04T14:00:27","slug":"entrenador-boliviano-baldivieso-percibe-el-fin-de-su-ciclo-en-el-carabobo","status":"publish","type":"post","link":"http:\/\/gradadigital.com\/home\/entrenador-boliviano-baldivieso-percibe-el-fin-de-su-ciclo-en-el-carabobo\/","title":{"rendered":"Entrenador boliviano Baldivieso percibe el fin de su ciclo en el Carabobo"},"content":{"rendered":"<p style=\"text-align: center;\"><img decoding=\"async\" src=\"http:\/\/gradadigital.com\/home\/wp-content\/uploads\/2017\/01\/julio_cesar_baldivieso_carabobo_libertadores_30012017.jpg\" \/><\/p>\n<p style=\"text-align: justify;\"><strong>EFE &#8211;<\/strong> El entrenador del club venezolano Carabobo, el boliviano Julio C\u00e9sar Baldivieso, dijo este viernes que ha <strong>\u00abpodido percibir\u00bb<\/strong> que no ser\u00e1 renovado y que su ciclo al frente del club Granate est\u00e1 llegando a su fin, pese a seguir en carrera por el t\u00edtulo y de haberlo clasificado a la Copa Libertadores.<\/p>\n<p style=\"text-align: justify;\"><strong>\u00abEstamos, seguramente, ya concluyendo nuestro ciclo en el Carabobo por lo que hemos podido percibir\u00bb<\/strong>, dijo &#8216;El Emperador&#8217; en una entrevista concedida al programa Conexi\u00f3n Goleadora, de la emisora Deportiva 1300 AM.<\/p>\n<p style=\"text-align: justify;\">Baldivieso y su cuerpo t\u00e9cnico, integrado por el preparador f\u00edsico chileno Crist\u00f3bal Rivas y el asistente paraguayo Francisco Arg\u00fcello, firmaron contrato para dirigir al equipo valenciano hasta diciembre en el Torneo Clausura y la Copa Venezuela.<\/p>\n<p style=\"text-align: justify;\">Antes, el tr\u00edo llev\u00f3 al Carabobo a dominar el Apertura aunque termin\u00f3 con las manos vac\u00edas al no poder alzar el t\u00edtulo, que a la postre gan\u00f3 el Monagas.<\/p>\n<p style=\"text-align: justify;\"><strong>\u00abA nosotros como cuerpo t\u00e9cnico nos gustar\u00eda disfrutar de lo que hemos ganado, tener la posibilidad de disputar el torneo de la Copa Libertadores como lo hemos logrado con el equipo, pero eso pasa por la parte dirigencial\u00bb<\/strong>, a\u00f1adi\u00f3 Baldivieso.<\/p>\n<p style=\"text-align: justify;\">Se\u00f1al\u00f3 que no mantiene conversaciones con ning\u00fan otro club en respeto a su contrato con el Carabobo.<\/p>\n<p style=\"text-align: justify;\"><strong>\u00abLa idea es terminar lo mejor posible (con el Carabobo) y tener la posibilidad de, si no nos toman en cuenta ac\u00e1, dirigir con otro equipo en Venezuela o de pa\u00edses de Sudam\u00e9rica\u00bb<\/strong>, dijo.<\/p>\n<p style=\"text-align: justify;\">Este domingo, el Carabobo de Baldivieso visitar\u00e1 al Caracas en el inicio del octogonal del Torneo Clausura, instancia en la que se dirime al campe\u00f3n del semestre.<\/p>\n","protected":false},"excerpt":{"rendered":"<p>EFE &#8211; El entrenador del club venezolano Carabobo, el boliviano Julio C\u00e9sar Baldivieso, dijo este viernes que ha \u00abpodido percibir\u00bb que no ser\u00e1 renovado y que su ciclo al frente del club Granate est\u00e1 llegando a su fin, pese a seguir en carrera por el t\u00edtulo y de haberlo clasificado a la Copa Libertadores. \u00abEstamos, &#8230;<\/p>\n","protected":false},"author":3,"featured_media":34142,"comment_status":"closed","ping_status":"closed","sticky":false,"template":"","format":"standard","meta":{"footnotes":""},"categories":[752,29,5,31],"tags":[1851,1834,1852],"class_list":["post-35109","post","type-post","status-publish","format-standard","has-post-thumbnail","hentry","category-appgd","category-carabobo-fc","category-futbol-nacional","category-primera-division","tag-carabobo-fc","tag-futbol-nacional","tag-primera-division"],"_links":{"self":[{"href":"http:\/\/gradadigital.com\/home\/wp-json\/wp\/v2\/posts\/35109","targetHints":{"allow":["GET"]}}],"collection":[{"href":"http:\/\/gradadigital.com\/home\/wp-json\/wp\/v2\/posts"}],"about":[{"href":"http:\/\/gradadigital.com\/home\/wp-json\/wp\/v2\/types\/post"}],"author":[{"embeddable":true,"href":"http:\/\/gradadigital.com\/home\/wp-json\/wp\/v2\/users\/3"}],"replies":[{"embeddable":true,"href":"http:\/\/gradadigital.com\/home\/wp-json\/wp\/v2\/comments?post=35109"}],"version-history":[{"count":3,"href":"http:\/\/gradadigital.com\/home\/wp-json\/wp\/v2\/posts\/35109\/revisions"}],"predecessor-version":[{"id":35112,"href":"http:\/\/gradadigital.com\/home\/wp-json\/wp\/v2\/posts\/35109\/revisions\/35112"}],"wp:featuredmedia":[{"embeddable":true,"href":"http:\/\/gradadigital.com\/home\/wp-json\/wp\/v2\/media\/34142"}],"wp:attachment":[{"href":"http:\/\/gradadigital.com\/home\/wp-json\/wp\/v2\/media?parent=35109"}],"wp:term":[{"taxonomy":"category","embeddable":true,"href":"http:\/\/gradadigital.com\/home\/wp-json\/wp\/v2\/categories?post=35109"},{"taxonomy":"post_tag","embeddable":true,"href":"http:\/\/gradadigital.com\/home\/wp-json\/wp\/v2\/tags?post=35109"}],"curies":[{"name":"wp","href":"https:\/\/api.w.org\/{rel}","templated":true}]}}