{"id":35014,"date":"2017-08-24T15:50:36","date_gmt":"2017-08-24T20:20:36","guid":{"rendered":"http:\/\/gradadigital.com\/home\/?p=35014"},"modified":"2017-08-24T16:08:13","modified_gmt":"2017-08-24T20:38:13","slug":"elvismar-rodriguez-volver-a-competir-por-venezuela-es-una-emocion-muy-grande","status":"publish","type":"post","link":"http:\/\/gradadigital.com\/home\/elvismar-rodriguez-volver-a-competir-por-venezuela-es-una-emocion-muy-grande\/","title":{"rendered":"Elvismar Rodr\u00edguez: \u00abVolver a competir por Venezuela es una emoci\u00f3n muy grande\u00bb"},"content":{"rendered":"<p style=\"text-align: center;\"><img loading=\"lazy\" decoding=\"async\" class=\"alignnone size-full wp-image-35015\" src=\"http:\/\/gradadigital.com\/home\/wp-content\/uploads\/2017\/08\/elvismar_rodriguez.jpg\" alt=\"\" width=\"682\" height=\"455\" srcset=\"http:\/\/gradadigital.com\/home\/wp-content\/uploads\/2017\/08\/elvismar_rodriguez.jpg 682w, http:\/\/gradadigital.com\/home\/wp-content\/uploads\/2017\/08\/elvismar_rodriguez-300x200.jpg 300w\" sizes=\"auto, (max-width: 682px) 100vw, 682px\" \/><\/p>\n<p style=\"text-align: justify;\"><strong>Sergio Morro. EFE &#8211;<\/strong> La judoca venezolana Elvismar Rodr\u00edguez, n\u00famero uno de la clasificaci\u00f3n mundial de su peso (70 kilos), se\u00f1al\u00f3 que volver a competir con la bandera de Venezuela en los Mundiales de Budapest que comenzar\u00e1n el pr\u00f3ximo lunes, tras no haber podido hacerlo por sanci\u00f3n, le produce una gran emoci\u00f3n.<\/p>\n<p style=\"text-align: justify;\">La joven judoca (Puerto Ordaz, 1997) ha competido bajo bandera de la Federaci\u00f3n Internacional de Judo en el \u00faltimo medio a\u00f1o debido a la sanci\u00f3n administrativa que se le impuso a la Federaci\u00f3n Venezolana por incumplimiento de pago en torneos internacionales.<\/p>\n<p style=\"text-align: justify;\">El castigo se aplic\u00f3 a dirigentes, entrenadores, \u00e1rbitros y deportistas.<\/p>\n<p style=\"text-align: justify;\"><strong>\u00abEsta va a ser la primera vez que vamos a competir por Venezuela una vez ha terminado la sanci\u00f3n y volver a hacerlo con la bandera venezolana es una emoci\u00f3n s\u00faper grande, ya que era mucho tiempo sin hacerlo y ahora ser\u00e1 as\u00ed\u00bb<\/strong>, explic\u00f3 a EFE la judoca, que prepara los Mundiales en Valencia (Espa\u00f1a) bajo la supervisi\u00f3n del diploma ol\u00edmpico espa\u00f1ol Sugoi Uriarte.<\/p>\n<p style=\"text-align: justify;\">Ning\u00fan judoca venezolano, hombre o mujer, hab\u00eda encabezado antes la clasificaci\u00f3n mundial en cualquier categor\u00eda. La Federaci\u00f3n Internacional destaca a Elvismar como una de las deportistas j\u00f3venes con m\u00e1s opciones de culminar este ciclo ol\u00edmpico con una medalla en los Juegos de Tokio 2020.<\/p>\n<p style=\"text-align: justify;\">Ya suma cinco medallas en pruebas del Grand Slam y otras tantas en Grandes Premios.<\/p>\n<p style=\"text-align: justify;\">La venezolana reconoci\u00f3 que supone una presi\u00f3n acudir a los Mundiales como una de las favoritas, pero su objetivo es lograr el oro para dar una alegr\u00eda a su pa\u00eds.<\/p>\n<p style=\"text-align: justify;\"><strong>\u00abAhorita, con la situaci\u00f3n que hay en Venezuela, todos esos logros le dar\u00edan mucha alegr\u00eda al pa\u00eds y siempre vamos a tener algo que celebrar y sonre\u00edr todos\u00bb<\/strong>, indic\u00f3.<\/p>\n<p style=\"text-align: justify;\"><strong>\u00abEl objetivo es el oro y para eso estamos trabajando y estoy muy concentrada en lo que quiero, que es el oro\u00bb<\/strong>, subray\u00f3.<\/p>\n<p style=\"text-align: justify;\">Entre sus principales rivales cit\u00f3 a la japonesa Chizuru Arai, segunda de la clasificaci\u00f3n mundial, la colombiana Yuri Alvear, tercera, y <strong>\u00abtambi\u00e9n hay francesas buenas\u00bb<\/strong>, dijo. La gala Marie-Eve Gahi\u00e9 es la quinta del escalaf\u00f3n internacional.<\/p>\n<p style=\"text-align: justify;\"><strong>\u00abMi categor\u00eda es muy fuerte y no puedes decir que esta o aquella va a ganar, porque en el judo puedes ganar hoy y perder ma\u00f1ana con la misma. Las participantes son de muy alto nivel\u00bb<\/strong>, expuso.<\/p>\n<p style=\"text-align: justify;\"><strong>\u00abEs una presi\u00f3n llegar como la mejor sembrada en el r\u00e1nking y hay que aprovecharlo al m\u00e1ximo para sacar bien los combates y llegar hasta la final\u00bb<\/strong>, prosigui\u00f3.<\/p>\n<p style=\"text-align: justify;\">Sobre su estancia en Espa\u00f1a para preparar los Mundiales, Elvismar se\u00f1al\u00f3 que llegar\u00e1 a Budapest <strong>\u00abcon una preparaci\u00f3n buena\u00bb<\/strong>.<\/p>\n<p style=\"text-align: justify;\"><strong>\u00abEstoy aqu\u00ed en Valencia desde hace tres semanas, entrenando fuerte. Quedan d\u00edas para comenzar el Mundial y estoy con fe\u00bb<\/strong>, se\u00f1al\u00f3.<\/p>\n<p style=\"text-align: justify;\">La judoca afirm\u00f3 que la mala experiencia que tuvo en los pasados Juegos Ol\u00edmpicos, en los que perdi\u00f3 en primera ronda, la llev\u00f3 a prepararse a\u00fan con m\u00e1s ah\u00ednco de cara la cita mundialista.<\/p>\n<p style=\"text-align: justify;\"><strong>\u00abLos Juegos de R\u00edo no fueron los mejores para m\u00ed, esper\u00e1bamos un mejor resultado por los que llev\u00e1bamos antes, pero son cosas que pasan. Hay que levantarse, seguir y trabajar para mejores cosas, de cara a estos Mundiales y a los siguientes de octubre, que son los j\u00fanior\u00bb<\/strong>, recalc\u00f3.<\/p>\n<p style=\"text-align: justify;\">Elvismar Rodr\u00edguez confi\u00f3 en que la sede de los Mundiales, que se disputar\u00e1n del 28 de agosto al 3 de septiembre, le vuelva a traer fortuna, porque ya se impuso en el Grand Prix de la capital h\u00fangara el pasado a\u00f1o.<\/p>\n<p style=\"text-align: justify;\"><strong>\u00abEn Budapest estuve un tiempo antes de ir a R\u00edo, entrenando all\u00ed, es un centro que me ha dejado mucho. En el Gran Prix de Buddapest (2016) gan\u00e9 el oro y me va bien competir all\u00ed\u00bb<\/strong>, asegur\u00f3.<\/p>\n","protected":false},"excerpt":{"rendered":"<p>Sergio Morro. EFE &#8211; La judoca venezolana Elvismar Rodr\u00edguez, n\u00famero uno de la clasificaci\u00f3n mundial de su peso (70 kilos), se\u00f1al\u00f3 que volver a competir con la bandera de Venezuela en los Mundiales de Budapest que comenzar\u00e1n el pr\u00f3ximo lunes, tras no haber podido hacerlo por sanci\u00f3n, le produce una gran emoci\u00f3n. La joven judoca &#8230;<\/p>\n","protected":false},"author":3,"featured_media":35015,"comment_status":"closed","ping_status":"closed","sticky":false,"template":"","format":"standard","meta":{"footnotes":""},"categories":[752,1879],"tags":[2080,2079,2081],"class_list":["post-35014","post","type-post","status-publish","format-standard","has-post-thumbnail","hentry","category-appgd","category-en-offside","tag-deportes","tag-elvismar-rodriguez","tag-judo"],"_links":{"self":[{"href":"http:\/\/gradadigital.com\/home\/wp-json\/wp\/v2\/posts\/35014","targetHints":{"allow":["GET"]}}],"collection":[{"href":"http:\/\/gradadigital.com\/home\/wp-json\/wp\/v2\/posts"}],"about":[{"href":"http:\/\/gradadigital.com\/home\/wp-json\/wp\/v2\/types\/post"}],"author":[{"embeddable":true,"href":"http:\/\/gradadigital.com\/home\/wp-json\/wp\/v2\/users\/3"}],"replies":[{"embeddable":true,"href":"http:\/\/gradadigital.com\/home\/wp-json\/wp\/v2\/comments?post=35014"}],"version-history":[{"count":2,"href":"http:\/\/gradadigital.com\/home\/wp-json\/wp\/v2\/posts\/35014\/revisions"}],"predecessor-version":[{"id":35017,"href":"http:\/\/gradadigital.com\/home\/wp-json\/wp\/v2\/posts\/35014\/revisions\/35017"}],"wp:featuredmedia":[{"embeddable":true,"href":"http:\/\/gradadigital.com\/home\/wp-json\/wp\/v2\/media\/35015"}],"wp:attachment":[{"href":"http:\/\/gradadigital.com\/home\/wp-json\/wp\/v2\/media?parent=35014"}],"wp:term":[{"taxonomy":"category","embeddable":true,"href":"http:\/\/gradadigital.com\/home\/wp-json\/wp\/v2\/categories?post=35014"},{"taxonomy":"post_tag","embeddable":true,"href":"http:\/\/gradadigital.com\/home\/wp-json\/wp\/v2\/tags?post=35014"}],"curies":[{"name":"wp","href":"https:\/\/api.w.org\/{rel}","templated":true}]}}