{"id":34978,"date":"2017-08-22T22:20:31","date_gmt":"2017-08-23T02:50:31","guid":{"rendered":"http:\/\/gradadigital.com\/home\/?p=34978"},"modified":"2017-08-22T22:20:31","modified_gmt":"2017-08-23T02:50:31","slug":"dudamel-esta-contento-pero-no-amarrado-dice-directivo-de-fvf","status":"publish","type":"post","link":"http:\/\/gradadigital.com\/home\/dudamel-esta-contento-pero-no-amarrado-dice-directivo-de-fvf\/","title":{"rendered":"Dudamel est\u00e1 \u00abcontento\u00bb pero no \u00abamarrado\u00bb, dice directivo de FVF"},"content":{"rendered":"<p style=\"text-align: center;\"><img decoding=\"async\" src=\"http:\/\/gradadigital.com\/home\/wp-content\/uploads\/2015\/12\/jesus_berardinelli_tesorero_fvf_11122015.jpg\" \/><\/p>\n<p style=\"text-align: justify;\"><strong>EFE &#8211;<\/strong> El seleccionador de Venezuela, Rafael Dudamel, no est\u00e1 <strong>\u00abamarrado\u00bb<\/strong> pero est\u00e1 <strong>\u00abcontento\u00bb<\/strong>, y ha rechazado ofertas de varios clubes de la regi\u00f3n, dijo este martes el vicepresidente de la Federaci\u00f3n Venezolana de F\u00fatbol (FVF), Jes\u00fas Berardinelli.<\/p>\n<p style=\"text-align: justify;\"><strong>\u00abNadie se tiene amarrado, \u00e9l tiene un compromiso con nosotros y yo s\u00e9 de las ofertas no solamente del Deportivo Cali, hay otras m\u00e1s en el ambiente\u00bb<\/strong>, se\u00f1al\u00f3 el directivo de la FVF en una entrevista concedida al programa &#8216;Conexi\u00f3n Goleadora&#8217;, de la emisora Deportiva 1300 AM.<\/p>\n<p style=\"text-align: justify;\"><strong>\u00abCreo que \u00e9l est\u00e1 muy contento con nosotros, hemos trabajado con muy buena t\u00f3nica hasta el sol de hoy, y creo que esas ofertas no van a tener peso\u00bb<\/strong>, a\u00f1adi\u00f3.<\/p>\n<p style=\"text-align: justify;\">Con todo, Berardinelli reconoci\u00f3 que ser\u00e1 Dudamel quien <strong>\u00abtendr\u00e1 que decidir\u00bb<\/strong> su futuro inmediato como entrenador.<\/p>\n<p style=\"text-align: justify;\">El exportero de 44 a\u00f1os asumi\u00f3 la direcci\u00f3n t\u00e9cnica de Venezuela en abril de 2016 luego de los decepcionantes resultados del seleccionado con Noel Sanvicente al frente.<\/p>\n<p style=\"text-align: justify;\">Desde entonces combin\u00f3 el manejo del equipo absoluto y la Sub-20, la que llev\u00f3 al subcampeonato del Mundial de la categor\u00eda que se celebr\u00f3 este a\u00f1o en Corea del Sur.<\/p>\n<p style=\"text-align: justify;\">Tambi\u00e9n se clasific\u00f3 al Mundial Sub-17 de 2013, en el que Venezuela no pas\u00f3 de la fase de grupos.<\/p>\n<p style=\"text-align: justify;\">Con Dudamel en el banquillo, Venezuela recibir\u00e1 a Colombia por la d\u00e9cimo quinta fecha de las eliminatorias sudamericanas este 31 de agosto, en tanto que viajar\u00e1 a Buenos Aires para enfrentar a la Argentina del astro Lionel Messi en la jornada 16.<\/p>\n<p style=\"text-align: justify;\">En tal sentido, Berardinelli dijo que los jugadores venezolanos se concentrar\u00e1n en la ciudad de San Crist\u00f3bal desde el viernes 25 para preparar el duelo, y que viajar\u00e1n a Argentina el domingo 3 de septiembre, luego de hacer jornadas de <strong>\u00abrecuperaci\u00f3n\u00bb<\/strong> en el Centro Nacional de Alto Rendimiento en la isla de Margarita.<\/p>\n","protected":false},"excerpt":{"rendered":"<p>EFE &#8211; El seleccionador de Venezuela, Rafael Dudamel, no est\u00e1 \u00abamarrado\u00bb pero est\u00e1 \u00abcontento\u00bb, y ha rechazado ofertas de varios clubes de la regi\u00f3n, dijo este martes el vicepresidente de la Federaci\u00f3n Venezolana de F\u00fatbol (FVF), Jes\u00fas Berardinelli. \u00abNadie se tiene amarrado, \u00e9l tiene un compromiso con nosotros y yo s\u00e9 de las ofertas no &#8230;<\/p>\n","protected":false},"author":3,"featured_media":23923,"comment_status":"closed","ping_status":"closed","sticky":false,"template":"","format":"standard","meta":{"footnotes":""},"categories":[752,40,3],"tags":[155,135,2068,2046,2069],"class_list":["post-34978","post","type-post","status-publish","format-standard","has-post-thumbnail","hentry","category-appgd","category-seleccion-nacional-mayores","category-seleccion-nacional","tag-federacion-venezolana-de-futbol","tag-fvf","tag-jesus-berardinelli","tag-seleccion-nacional-mayores","tag-selecciones-nacionales"],"_links":{"self":[{"href":"http:\/\/gradadigital.com\/home\/wp-json\/wp\/v2\/posts\/34978","targetHints":{"allow":["GET"]}}],"collection":[{"href":"http:\/\/gradadigital.com\/home\/wp-json\/wp\/v2\/posts"}],"about":[{"href":"http:\/\/gradadigital.com\/home\/wp-json\/wp\/v2\/types\/post"}],"author":[{"embeddable":true,"href":"http:\/\/gradadigital.com\/home\/wp-json\/wp\/v2\/users\/3"}],"replies":[{"embeddable":true,"href":"http:\/\/gradadigital.com\/home\/wp-json\/wp\/v2\/comments?post=34978"}],"version-history":[{"count":1,"href":"http:\/\/gradadigital.com\/home\/wp-json\/wp\/v2\/posts\/34978\/revisions"}],"predecessor-version":[{"id":34985,"href":"http:\/\/gradadigital.com\/home\/wp-json\/wp\/v2\/posts\/34978\/revisions\/34985"}],"wp:featuredmedia":[{"embeddable":true,"href":"http:\/\/gradadigital.com\/home\/wp-json\/wp\/v2\/media\/23923"}],"wp:attachment":[{"href":"http:\/\/gradadigital.com\/home\/wp-json\/wp\/v2\/media?parent=34978"}],"wp:term":[{"taxonomy":"category","embeddable":true,"href":"http:\/\/gradadigital.com\/home\/wp-json\/wp\/v2\/categories?post=34978"},{"taxonomy":"post_tag","embeddable":true,"href":"http:\/\/gradadigital.com\/home\/wp-json\/wp\/v2\/tags?post=34978"}],"curies":[{"name":"wp","href":"https:\/\/api.w.org\/{rel}","templated":true}]}}