{"id":34613,"date":"2017-05-22T17:00:20","date_gmt":"2017-05-22T21:30:20","guid":{"rendered":"http:\/\/gradadigital.com\/home\/?p=34613"},"modified":"2017-05-25T18:43:23","modified_gmt":"2017-05-25T23:13:23","slug":"video-rafael-dudamel-debemos-continuar-nuestra-linea-de-crecimiento","status":"publish","type":"post","link":"http:\/\/gradadigital.com\/home\/video-rafael-dudamel-debemos-continuar-nuestra-linea-de-crecimiento\/","title":{"rendered":"+VIDEO | Dudamel: \u00abDebemos continuar nuestra l\u00ednea de crecimiento\u00bb"},"content":{"rendered":"<p style=\"text-align: center;\"><img decoding=\"async\" src=\"http:\/\/gradadigital.com\/home\/wp-content\/uploads\/2017\/05\/rafael_dudamel_venezuela_alemania_20052017_6.jpg\" \/><\/p>\n<p style=\"text-align: justify;\"><strong>Prensa Vinotinto &#8211;<\/strong> Pasada la p\u00e1gina de la hist\u00f3rica victoria de la selecci\u00f3n nacional Sub-20 el pasado s\u00e1bado ante Alemania, ahora saltar\u00e1 nuevamente al World Cup Stadium de Daejeon, donde disputar\u00e1 su segundo encuentro, este martes ante Vanuatu, que llega con una derrota frente a M\u00e9xico.<\/p>\n<p style=\"text-align: justify;\">El seleccionador nacional Rafael Dudamel se mostr\u00f3 satisfecho con la respuesta de sus futbolistas posterior al encuentro ante el conjunto teut\u00f3n, que finaliz\u00f3 con un 2-0 m\u00e1s que contundente, por el despliegue en la cancha y la facilidad para controlar al rival.<\/p>\n<p style=\"text-align: justify;\"><strong>\u201cEs nuestra segunda salida, es nuestra segunda final, me gusta la seriedad con que han asimilado y disfrutado el primer triunfo. Hemos sabido de su dimensi\u00f3n, hay que disfrutarlo, porque es muy meritorio el esfuerzo que se ha hecho para alcanzar ese notable triunfo, pero ya debemos pasar la p\u00e1gina, los tiempos tan cortos no nos permiten disfrutar tanto. Hay horas apenas para poder entender lo que se ha logrado y el mayor tiempo lo utilizamos para prepararnos para el siguiente encuentro\u201d<\/strong>, dijo.<\/p>\n<p style=\"text-align: justify;\"><strong>\u201cAhora viene Vanuatu, una selecci\u00f3n dif\u00edcil, muy complicada, donde nosotros debemos continuar nuestra l\u00ednea de ascenso, nuestra l\u00ednea de crecimiento, sobre todo en la demostraci\u00f3n que debemos dar en cuanto a madurez de como asimilar un triunfo y encarar un siguiente partido contra un rival que por su nombre pareciera no ser tan atractivo, pero que cuando uno le analiza en sus formas, es de cuidar, de respetar y s\u00ed nosotros mantenemos, respetamos y fortalecemos nuestras formas, nuestro colectivo, podremos dar cara a esto que viene\u201d<\/strong>, agreg\u00f3.<\/p>\n<p style=\"text-align: justify;\">El cuerpo t\u00e9cnico encabezado por Dudamel se enfoca en reforzar el tema psicol\u00f3gico, tan importante como cada hora de entrenamiento en la cancha.<\/p>\n<p style=\"text-align: justify;\"><strong>\u201cEl tema emocional es fundamental, tan o m\u00e1s importante que el trabajo de campo, por lo que hago menci\u00f3n de saber c\u00f3mo disfrutar y hasta donde poder darle largas al t\u00e9rmino de un partido, los tres puntos y detenerse para arrancar de cero, replantear, analizar y enfrentar lo siguiente. Si nosotros queremos realmente jugar siete partidos, los totales llegando a la final, que lo pensamos y lo trabajamos con mucha ilusi\u00f3n, tenemos que trabajar de esta forma, con la fortaleza mental y emocional para preparar cada partido y no estancarnos en el disfrute de un triunfo\u201d<\/strong>, explic\u00f3.<\/p>\n<p style=\"text-align: justify;\">Vanuatu lleg\u00f3 al Mundial Sub-20 como una de las selecciones con menos pergaminos, pero en su primera salida pudo igualar un 0-2 parcial ante M\u00e9xico, pero cay\u00f3 derrotado en el \u00faltimo suspiro del partido.<\/p>\n<p style=\"text-align: justify;\"><strong>\u201cTodos entregan un tipo de exigencia diferente, por las caracter\u00edsticas de los jugadores, las individualidades, las fortalezas, la diferencia en el m\u00f3dulo t\u00e1ctico que pueda emplear una selecci\u00f3n u otra, la caracter\u00edstica o la idiosincrasia de un pa\u00eds u otro. Por eso nosotros debemos darle importancia a todos nuestros rivales, Vanuatu \u00f3pticamente quiz\u00e1s no te entrega esa brillantez que te pueda entregar otra selecci\u00f3n de mayor historia o de mayor renombre, pero cuando la analizamos individualmente y en su esencia, en su estilo y en su amor propio como selecci\u00f3n, si no lo valoras, terminas complic\u00e1ndote y es all\u00ed donde nosotros hemos hecho m\u00e1s \u00e9nfasis\u201d<\/strong>, afirm\u00f3.<\/p>\n<p style=\"text-align: justify;\"><strong>\u201cAlemania te despierta una tensi\u00f3n, una adrenalina natural, por la historia y porque hemos estado acostumbrados a observarle en los mundiales y admirarle, m\u00e1s all\u00e1 que hoy nos cansamos de mirarlos por televisi\u00f3n y hemos venido a competir con ellos y le hemos ganado con autoridad. Vanuatu es el que te permite tener una demostraci\u00f3n de madurez cuando tu respetas a un rival, trabajas y con el favor de Dios podamos superarle y ganarle, all\u00ed t\u00fa te vas a dar cuenta de la evoluci\u00f3n del equipo\u201d<\/strong>, a\u00f1adi\u00f3.<\/p>\n<p style=\"text-align: justify;\">Para este encuentro, el estratega contar\u00e1 con todos sus efectivos, luego que el volante Heber Garc\u00eda cumpliera una fecha de sanci\u00f3n que arrastraba del Sudamericano de la categor\u00eda y ahora pueda estar disponible para este compromiso.<\/p>\n<p style=\"text-align: justify;\">Para Dudamel, alcanzar la clasificaci\u00f3n este martes le permitir\u00e1 al equipo buscar el primer lugar del grupo el pr\u00f3ximo viernes, cuando enfrente a M\u00e9xico, en la \u00faltima fecha de la fase de grupos.<\/p>\n<p style=\"text-align: justify;\"><strong>\u201cNuestro escenario ideal hoy por hoy es pasar de primeros en nuestro grupo, sabiendo que tenemos por delante a Vanuatu y a M\u00e9xico, tambi\u00e9n una gran selecci\u00f3n. Seis de seis en un inicio de un Mundial es de ensue\u00f1o, luego lo que pueda suceder en el partido queriendo uno marcar los tiempos y las formas, no sabe que pueda suceder. Nosotros tenemos que ser responsables, ambiciosos, respetuosos, trabajar de acuerdo a nuestras capacidades y las debilidades del rival para durante 90 minutos, pacientes, intensos, con car\u00e1cter y convicci\u00f3n, buscar ganarlo, y de ah\u00ed en adelante buscar resolver lo que se vaya presentando en el juego\u201d<\/strong>, concluy\u00f3.<\/p>\n<p style=\"text-align: center;\"><strong>VIDEO<\/strong><\/p>\n<iframe loading=\"lazy\" width=\"621\" height=\"384\" src=\"http:\/\/www.youtube.com\/embed\/FVCE9eohgho?rel=0\" frameborder=\"0\" allowfullscreen><\/iframe>\n","protected":false},"excerpt":{"rendered":"<p>Prensa Vinotinto &#8211; Pasada la p\u00e1gina de la hist\u00f3rica victoria de la selecci\u00f3n nacional Sub-20 el pasado s\u00e1bado ante Alemania, ahora saltar\u00e1 nuevamente al World Cup Stadium de Daejeon, donde disputar\u00e1 su segundo encuentro, este martes ante Vanuatu, que llega con una derrota frente a M\u00e9xico. El seleccionador nacional Rafael Dudamel se mostr\u00f3 satisfecho con &#8230;<\/p>\n","protected":false},"author":3,"featured_media":34542,"comment_status":"closed","ping_status":"closed","sticky":false,"template":"","format":"standard","meta":{"footnotes":""},"categories":[27,752,39,3],"tags":[480,370,2034,2036,2037,1826,110,392,640,2035,151,109,1410,2033,1931,258,2031,2039,51,71,235],"class_list":["post-34613","post","type-post","status-publish","format-standard","has-post-thumbnail","hentry","category-video","category-appgd","category-seleccion-nacional-juveniles","category-seleccion-nacional","tag-alemania","tag-copa-mundial","tag-corea","tag-corea-del-sur","tag-daejeon","tag-dudamel","tag-fifa","tag-germany","tag-grupo-b","tag-korea","tag-la-vinotinto","tag-mundial","tag-rafael-dudamel","tag-republica-de-corea","tag-seleccion-nacional-juveniles","tag-sub-20","tag-sub20","tag-u20","tag-venezuela","tag-vinotinto","tag-world-cup"],"_links":{"self":[{"href":"http:\/\/gradadigital.com\/home\/wp-json\/wp\/v2\/posts\/34613","targetHints":{"allow":["GET"]}}],"collection":[{"href":"http:\/\/gradadigital.com\/home\/wp-json\/wp\/v2\/posts"}],"about":[{"href":"http:\/\/gradadigital.com\/home\/wp-json\/wp\/v2\/types\/post"}],"author":[{"embeddable":true,"href":"http:\/\/gradadigital.com\/home\/wp-json\/wp\/v2\/users\/3"}],"replies":[{"embeddable":true,"href":"http:\/\/gradadigital.com\/home\/wp-json\/wp\/v2\/comments?post=34613"}],"version-history":[{"count":3,"href":"http:\/\/gradadigital.com\/home\/wp-json\/wp\/v2\/posts\/34613\/revisions"}],"predecessor-version":[{"id":34616,"href":"http:\/\/gradadigital.com\/home\/wp-json\/wp\/v2\/posts\/34613\/revisions\/34616"}],"wp:featuredmedia":[{"embeddable":true,"href":"http:\/\/gradadigital.com\/home\/wp-json\/wp\/v2\/media\/34542"}],"wp:attachment":[{"href":"http:\/\/gradadigital.com\/home\/wp-json\/wp\/v2\/media?parent=34613"}],"wp:term":[{"taxonomy":"category","embeddable":true,"href":"http:\/\/gradadigital.com\/home\/wp-json\/wp\/v2\/categories?post=34613"},{"taxonomy":"post_tag","embeddable":true,"href":"http:\/\/gradadigital.com\/home\/wp-json\/wp\/v2\/tags?post=34613"}],"curies":[{"name":"wp","href":"https:\/\/api.w.org\/{rel}","templated":true}]}}