{"id":34604,"date":"2017-05-22T00:06:12","date_gmt":"2017-05-22T04:36:12","guid":{"rendered":"http:\/\/gradadigital.com\/home\/?p=34604"},"modified":"2017-05-25T18:43:23","modified_gmt":"2017-05-25T23:13:23","slug":"aragua-fc-esta-dentro-de-la-liguilla-final-del-apertura","status":"publish","type":"post","link":"http:\/\/gradadigital.com\/home\/aragua-fc-esta-dentro-de-la-liguilla-final-del-apertura\/","title":{"rendered":"Aragua FC est\u00e1 dentro de la liguilla final del Apertura"},"content":{"rendered":"<p style=\"text-align: center;\"><img loading=\"lazy\" decoding=\"async\" class=\"alignnone size-full wp-image-34605\" src=\"http:\/\/gradadigital.com\/home\/wp-content\/uploads\/2017\/05\/aragua_portuguesa_21052017.jpg\" alt=\"\" width=\"682\" height=\"455\" srcset=\"http:\/\/gradadigital.com\/home\/wp-content\/uploads\/2017\/05\/aragua_portuguesa_21052017.jpg 682w, http:\/\/gradadigital.com\/home\/wp-content\/uploads\/2017\/05\/aragua_portuguesa_21052017-300x200.jpg 300w\" sizes=\"auto, (max-width: 682px) 100vw, 682px\" \/><\/p>\n<p style=\"text-align: justify;\"><strong>Prensa Aragua FC.- <\/strong>Los guerreros Aurirrojos del Aragua F\u00fatbol Club consiguieron su pase a la siguiente ronda al conseguir un empate ante su rival el Deportivo Lara, en el Estadio Hermanos Ghersi P\u00e1ez de Maracay, donde extendieron su invicto como local tras empatar a un gol, obteniendo as\u00ed el octavo lugar del Torneo Apertura 2017 reafirmando de esta forma uno de los equipos m\u00e1s fuertes dentro del F\u00fatbol venezolano.<\/p>\n<p style=\"text-align: justify;\">Gran juego que disputaron estos dos equipos, donde los locales fueron claramente superiores al ser el due\u00f1o del esf\u00e9rico y de las jugadas m\u00e1s peligrosas del encuentro. En la primera mitad los locales salieron al campo de juego con hambre de gol, debido a que se vio la intensidad y las ganas de anotar en los primeros minutos, con jugadas claras creadas por el juvenil Edanyilber Navas, quien fue uno de los jugadores m\u00e1s activos al desplazarse por todo el terreno de juego habilitando siempre con pelotas al \u00e1rea a los delanteros Aurirrojos.<\/p>\n<p style=\"text-align: justify;\">El gol que le dio la ventaja en la primera mitad con el que consiguieron irse al descanso arriba en el marcador vendr\u00eda de los pies del mediocampista Arnold L\u00f3pez, quien tras un gran pase del Juvenil Navas rompi\u00f3 las redes en el minuto 31\u2019 con un fuerte disparo fuera del \u00e1rea. Los rojinegros de Lara buscaron el empate, pero una defensa bien plantada logr\u00f3 mantener la victoria parcial para irse al vestuario con ventaja.<\/p>\n<p style=\"text-align: justify;\">En los segundos 45\u2019 minutos el equipo visitantes realiz\u00f3 un cambio en busca de darle vuelta al partido al sustituir a Andr\u00e9s Montero por Ely Valderrey, pero los dirigidos por Antonio Franco no se conformaron con la ventaja que llevaban y buscaban un nuevo gol con la inclusi\u00f3n al terreno de juego de dos jugadores: el\u00a0 delantero Framber Villegas por el atacante Over Garc\u00eda al 65\u2019 de la segunda mitad, y el cambio de juvenil entre Edanyilber Navas y Lewis Landaeta en el minuto 71\u2019. Excelentes cambios que sumaron en positivos que ayudaron para mantener el bal\u00f3n en posesi\u00f3n de los locales.<\/p>\n<p style=\"text-align: justify;\">El t\u00e9cnico visitantes busc\u00f3 un empate de cualquier forma por lo que realiz\u00f3 sus \u00faltimos movimientos dentro del juego: Freddy Vargas por Winston Azuaje al 70\u2019 y al 73\u2019 Alexis Ramos por Jorge Yriarte. Algo que llev\u00f3 a los de casa hacer un \u00faltimo cambio con el objetivo de minimizar los ataques rivales y buscar la segunda anotaci\u00f3n con el ingreso de Jos\u00e9 Torres al minuto 75\u2019 por el volante Defensivo Orlando Peraza. Tras el cumplimiento de los 90\u2019 minutos reglamentarios el juez principal a\u00f1adir\u00eda 5\u2019 minutos algo que ayud\u00f3 a los visitantes que pudieron conseguir el gol del empate a falta de tres minutos para el pitazo final gracias a la anotaci\u00f3n del delantero Jes\u00fas Hern\u00e1ndez.<\/p>\n<p style=\"text-align: justify;\">Vibrante encuentro que regalaron estos dos conjuntos a los aficionados que asistieron al Estadio Hermanos Ghersi P\u00e1ez, en el que adem\u00e1s del empate el equipo del Aragua FC logr\u00f3 clasificarse la liguilla final logrando meterse en la octava posici\u00f3n.<\/p>\n<p style=\"text-align: justify;\">Con este empate la plantilla del Aragua FC vuelve a las instancias de la liguilla por tercera ocasi\u00f3n en este formato logrando, adem\u00e1s terminar de forma invicta en casa siendo uno de los mejores equipos jugando en esta condici\u00f3n. Ahora, los Aurirrojos tocar\u00e1 enfrentarse al Carabobo FC seg\u00fan la llave del Torneo, en el que revivir\u00e1n una vez m\u00e1s uno de los mejores derbi del F\u00fatbol Venezolano.<\/p>\n<p style=\"text-align: justify;\"><strong>Aragua FC (1):<\/strong> Yhonatann Yustiz, Francisco Fajardo, Carlos Salazar, Dustin Valdez, Cesar Urpin, Jarol Herrera (C), Orlando Peraza, Arnold L\u00f3pez, Edanyilber Navas (Leswis Landaeta 71\u2019), Over Garc\u00eda (Framber Villegas 65\u2019), Jos\u00e9 Romo. <strong>DT: Antonio Franco. <\/strong><\/p>\n<p style=\"text-align: justify;\"><strong>Suplentes sin jugar:<\/strong> Jean Issa, Juan Garc\u00eda Camacaro, Jos\u00e9 Torres, Alejandro Carrera, Yeisson Medina.<\/p>\n<p style=\"text-align: justify;\"><strong>Deportivo Lara (1):<\/strong> Jes\u00fas Padr\u00f3n, Oswaldo Chaurant, Henri Pernia, Gabriel Cichero, Ignacio Anzola, Andr\u00e9s Montero (Ely Valderry 46\u2019), Jorge Yriarte (Alexis Ramos.\u00a0\u00a0 73\u2019), Ricardo Andreutti, Wiston Azuaje (Freddy Vargas 65\u2019), Jes\u00fas Hern\u00e1ndez, Darwin G\u00f3mez. DT: <strong>Leo Gonz\u00e1lez.<\/strong><\/p>\n<p style=\"text-align: justify;\"><strong>Suplentes sin jugar:<\/strong> Edgar P\u00e9rez, Lenimger Bol\u00edvar, Leonardo Aponte, Santiago Herrera.<\/p>\n<p style=\"text-align: justify;\">Gol: Arnold L\u00f3pez 31\u2019 (AFC), Jes\u00fas Hern\u00e1ndez 90+3 (LAR)<\/p>\n<p style=\"text-align: justify;\">Tarjeta Amarillas: Francisco Fajardo 35\u2019 (AFC), Gabriel Cichero 47\u2019 (LAR),<\/p>\n<p style=\"text-align: justify;\">Asistencia: 2836 personas<\/p>\n","protected":false},"excerpt":{"rendered":"<p>Prensa Aragua FC.- Los guerreros Aurirrojos del Aragua F\u00fatbol Club consiguieron su pase a la siguiente ronda al conseguir un empate ante su rival el Deportivo Lara, en el Estadio Hermanos Ghersi P\u00e1ez de Maracay, donde extendieron su invicto como local tras empatar a un gol, obteniendo as\u00ed el octavo lugar del Torneo Apertura 2017 &#8230;<\/p>\n","protected":false},"author":4,"featured_media":34605,"comment_status":"closed","ping_status":"closed","sticky":false,"template":"","format":"standard","meta":{"footnotes":""},"categories":[752,6,5,17,31],"tags":[],"class_list":["post-34604","post","type-post","status-publish","format-standard","has-post-thumbnail","hentry","category-appgd","category-aragua-fc","category-futbol-nacional","category-portuguesa-fc","category-primera-division"],"_links":{"self":[{"href":"http:\/\/gradadigital.com\/home\/wp-json\/wp\/v2\/posts\/34604","targetHints":{"allow":["GET"]}}],"collection":[{"href":"http:\/\/gradadigital.com\/home\/wp-json\/wp\/v2\/posts"}],"about":[{"href":"http:\/\/gradadigital.com\/home\/wp-json\/wp\/v2\/types\/post"}],"author":[{"embeddable":true,"href":"http:\/\/gradadigital.com\/home\/wp-json\/wp\/v2\/users\/4"}],"replies":[{"embeddable":true,"href":"http:\/\/gradadigital.com\/home\/wp-json\/wp\/v2\/comments?post=34604"}],"version-history":[{"count":1,"href":"http:\/\/gradadigital.com\/home\/wp-json\/wp\/v2\/posts\/34604\/revisions"}],"predecessor-version":[{"id":34606,"href":"http:\/\/gradadigital.com\/home\/wp-json\/wp\/v2\/posts\/34604\/revisions\/34606"}],"wp:featuredmedia":[{"embeddable":true,"href":"http:\/\/gradadigital.com\/home\/wp-json\/wp\/v2\/media\/34605"}],"wp:attachment":[{"href":"http:\/\/gradadigital.com\/home\/wp-json\/wp\/v2\/media?parent=34604"}],"wp:term":[{"taxonomy":"category","embeddable":true,"href":"http:\/\/gradadigital.com\/home\/wp-json\/wp\/v2\/categories?post=34604"},{"taxonomy":"post_tag","embeddable":true,"href":"http:\/\/gradadigital.com\/home\/wp-json\/wp\/v2\/tags?post=34604"}],"curies":[{"name":"wp","href":"https:\/\/api.w.org\/{rel}","templated":true}]}}