{"id":3456,"date":"2013-08-12T01:13:02","date_gmt":"2013-08-12T05:43:02","guid":{"rendered":"http:\/\/gradadigital.com\/home\/?p=3456"},"modified":"2013-08-12T01:13:02","modified_gmt":"2013-08-12T05:43:02","slug":"fotos-el-aurinegro-mando-en-casa","status":"publish","type":"post","link":"http:\/\/gradadigital.com\/home\/fotos-el-aurinegro-mando-en-casa\/","title":{"rendered":"+FOTOS | El \u00abAurinegro\u00bb mand\u00f3 en casa"},"content":{"rendered":"<p style=\"text-align: center;\"><img loading=\"lazy\" decoding=\"async\" class=\"alignnone size-full wp-image-3457\" alt=\"cesar_gonzalez_tachira_laguaira_11082013_2\" src=\"http:\/\/gradadigital.com\/home\/wp-content\/uploads\/2013\/08\/cesar_gonzalez_tachira_laguaira_11082013_2.jpg\" width=\"596\" height=\"346\" srcset=\"http:\/\/gradadigital.com\/home\/wp-content\/uploads\/2013\/08\/cesar_gonzalez_tachira_laguaira_11082013_2.jpg 596w, http:\/\/gradadigital.com\/home\/wp-content\/uploads\/2013\/08\/cesar_gonzalez_tachira_laguaira_11082013_2-300x174.jpg 300w\" sizes=\"auto, (max-width: 596px) 100vw, 596px\" \/><\/p>\n<p style=\"text-align: justify;\"><strong>Prensa Deportivo T\u00e1chira &#8211;<\/strong> El Torneo Apertura 2013 no pudo iniciar de mejor manera para el Carrusel Aurinegro, la clase y categor\u00eda del capit\u00e1n C\u00e9sar \u201cMaestrico\u201d Gonz\u00e1lez, aportaron la inteligencia y los goles, junt\u00e1ndose con la contundencia de Gelm\u00edn Rivas para dejar los tres primeros puntos del campeonato en Pueblo Nuevo.<\/p>\n<p style=\"text-align: justify;\">El Deportivo T\u00e1chira F.C. mostr\u00f3 supremac\u00eda y efectividad imponi\u00e9ndose 3-1 ante un novel conjunto del Deportivo La Guaira, que vivi\u00f3 su estreno en el f\u00fatbol nacional visitando nada m\u00e1s y nada menos que el Templo Sagrado, que desde muy temprano prendi\u00f3 la fiesta para recibir a su residente natural: la afici\u00f3n m\u00e1s popular del pa\u00eds.<\/p>\n<p style=\"text-align: justify;\">Para el \u201cMastrico\u201d Gonz\u00e1lez, la oportunidad precisa de anotar su primer tanto llevando el brazalete que lo identifica como comandante de la tropa de Daniel Far\u00edas lleg\u00f3 al minuto 12\u00b4, cuando un tiro libre al borde del \u00e1rea fue cobrado con la sapiencia que lo caracteriza, dejando sin reacci\u00f3n al guardameta Renny Vega.<\/p>\n<p style=\"text-align: justify;\">El tanto signific\u00f3 la paridad para el compromiso, en el cual la visita hab\u00eda logrado previamente irse arriba al minuto 3\u00b4 tras un gol de Mijail Avil\u00e9s, luego de recibir una habilitaci\u00f3n rastrera del brasile\u00f1o Daniel Reis.<\/p>\n<p style=\"text-align: justify;\">Y nuevamente Gonz\u00e1lez conquist\u00f3 las redes varguenses, corr\u00eda el minuto 33\u00b4 cuando un pase a espalda de los centrales guaire\u00f1os fue recibido por el capit\u00e1n atigrado, quien corri\u00f3 de manera oportuna para quedar mano a mano con Vega y definir calmadamente al palo de la mano izquierda del golero.<\/p>\n<p style=\"text-align: justify;\">A partir de all\u00ed, la supremac\u00eda amarilla y negra se hizo m\u00e1s evidente, teniendo en los pases del camiseta 11 aurinegro y en el talento de Yohandry Orozco, las claves para manejar y maniatar a un combinado visitante que poco pudo hacer ante el buen f\u00fatbol aurinegro.<\/p>\n<p style=\"text-align: justify;\">Lamentablemente, Richard Badillo debi\u00f3 abandonar la cancha en los primeros compases del compromiso y ser\u00e1 evaluado en las pr\u00f3ximas horas por el cuerpo m\u00e9dico del siete veces campe\u00f3n de Venezuela, para determinar el alcance de su lesi\u00f3n.<\/p>\n<p style=\"text-align: justify;\"><b>Segundo tiempo de m\u00e1s goles y de debut aurinegro<\/b><\/p>\n<p style=\"text-align: justify;\">Y lleg\u00f3 la parte complementaria con mayor intensidad y hegemon\u00eda por parte de la escuadra local. Gelm\u00edn Rivas ingres\u00f3 y en la primera pelota que toc\u00f3 sac\u00f3 un sorprendente remate que fue a parar en el fondo del arco sur del glorioso recinto tachirense, colocando el 3-1 en el marcador y sentenciando la victoria a favor del equipo insignia de la ciudad cordial.<\/p>\n<p style=\"text-align: justify;\">Pueblo Nuevo pas\u00f3 de la euforia al estallido triunfal, disfrutando de un excelente despliegue de todas las piezas de Daniel Far\u00edas, quienes cumplieron a la perfecci\u00f3n los roles y conquistaron las primeras tres unidades para comenzar marcando pauta en el concierto criollo.<\/p>\n<p style=\"text-align: justify;\">Asimismo, el joven aurinegro Juan Carlos Mora, ingres\u00f3 al minuto 62\u00b4, debutando as\u00ed oficialmente en Primera Divisi\u00f3n, demostrando argumentos y llenando de corte y buen manejo a la mitad de la cancha del heptacampe\u00f3n nacional.<\/p>\n<p style=\"text-align: justify;\">Ahora, comenzar\u00e1 una ardua semana de trabajo para el Deportivo T\u00e1chira F.C., emprendiendo el camino preparativo antes de asumir su primera salida a San Felipe para medirse el s\u00e1bado 17 de agosto a Yaracuyanos F.C., en el Estadio Florentino Oropeza por la Jornada 2 del Torneo Apertura 2013.<\/p>\n<p style=\"text-align: justify;\"><b>Ficha T\u00e9cnica:<\/b><\/p>\n<p style=\"text-align: justify;\"><b>Deportivo T\u00e1chira F.C. (3): <\/b>Br\u00e9iner Castillo, Carlos Rivero, Wilker \u00c1ngel, Carlos Salazar, Richard Badillo (Gi\u00e1como Di Giorgi 26\u00b4), Francisco Flores (Gelm\u00edn Rivas 46\u00b4), Agnel Flores, C\u00e9sar Gonz\u00e1lez, Yohandry Orozco, Jos\u00e9 Miguel Reyes (Juan Carlos Mora 62\u00b4), Juan Az\u00f3car. D.T.: Daniel Far\u00edas.<\/p>\n<p style=\"text-align: justify;\"><b>Suplentes sin jugar: <\/b>Jos\u00e9 Contreras, Romeri Villamizar, Jos\u00e9 Al\u00ed Meza, Albert Zambrano.<\/p>\n<p style=\"text-align: justify;\"><b>Deportivo La Guaira (1): <\/b>Renny Vega, Jhonny Mirabal, Franklin Lucena, Daniel Ben\u00edtez, C\u00e9sar P\u00e9rez, Diego Guerrero, Mijail Avil\u00e9s, Charlis Ortiz, Daniel Reis, Andr\u00e9s Angulo (Wilson Mena 51\u00b4), Adalberto Pe\u00f1aranda (Andr\u00e9s Gonz\u00e1lez 54\u00b4, Enson Rodr\u00edguez 60\u00b4). D.T.: Francesco St\u00edfano<\/p>\n<p style=\"text-align: justify;\"><b>Suplentes sin jugar: <\/b>Luis Lugo, Luiyi Erazo, Argenis Gonz\u00e1lez, Carlos Su\u00e1rez.<\/p>\n<p style=\"text-align: justify;\"><b>Goles: <\/b>Mijail Avil\u00e9s 3\u00b4 (La Guaira), C\u00e9sar Gonz\u00e1lez 12\u00b4, 33\u00b4, Gelm\u00edn Rivas 47\u00b4 (T\u00e1chira)<\/p>\n<p style=\"text-align: justify;\"><b>Amonestados: <\/b>Adalberto Pe\u00f1aranda 20\u00b4, Diego Guerrero 70\u00b4 (La Guaira), Yohandry Orozco 59\u00b4, Wilker \u00c1ngel 72\u00b4 (T\u00e1chira)<\/p>\n<p style=\"text-align: justify;\"><b>\u00c1rbitro principal: <\/b>Jos\u00e9 Marquina (M\u00e9rida)<\/p>\n<p style=\"text-align: justify;\"><b>\u00c1rbitros asistentes: <\/b>Wilcar P\u00e9rez (M\u00e9rida), Jes\u00fas Hern\u00e1ndez (M\u00e9rida), Eduardo Marmol (M\u00e9rida).<\/p>\n<p style=\"text-align: justify;\"><b>Estadio: <\/b>Pueblo Nuevo, San Crist\u00f3bal, estado T\u00e1chira<\/p>\n<p style=\"text-align: justify;\"><b>Asistencia: <\/b>12033 personas<\/p>\n<p style=\"text-align: justify;\"><b>Hora: <\/b>5:00pm<\/p>\n<p style=\"text-align: center;\"><img loading=\"lazy\" decoding=\"async\" class=\"alignnone size-full wp-image-3460\" alt=\"yohandry_orozco_tachira_laguaira_11082013\" src=\"http:\/\/gradadigital.com\/home\/wp-content\/uploads\/2013\/08\/yohandry_orozco_tachira_laguaira_11082013.jpg\" width=\"596\" height=\"346\" srcset=\"http:\/\/gradadigital.com\/home\/wp-content\/uploads\/2013\/08\/yohandry_orozco_tachira_laguaira_11082013.jpg 596w, http:\/\/gradadigital.com\/home\/wp-content\/uploads\/2013\/08\/yohandry_orozco_tachira_laguaira_11082013-300x174.jpg 300w\" sizes=\"auto, (max-width: 596px) 100vw, 596px\" \/><\/p>\n<p style=\"text-align: center;\"><img loading=\"lazy\" decoding=\"async\" class=\"alignnone size-full wp-image-3459\" alt=\"gelmin_rivas_mirabal_tachira_laguaira_11082013\" src=\"http:\/\/gradadigital.com\/home\/wp-content\/uploads\/2013\/08\/gelmin_rivas_mirabal_tachira_laguaira_11082013.jpg\" width=\"596\" height=\"346\" srcset=\"http:\/\/gradadigital.com\/home\/wp-content\/uploads\/2013\/08\/gelmin_rivas_mirabal_tachira_laguaira_11082013.jpg 596w, http:\/\/gradadigital.com\/home\/wp-content\/uploads\/2013\/08\/gelmin_rivas_mirabal_tachira_laguaira_11082013-300x174.jpg 300w\" sizes=\"auto, (max-width: 596px) 100vw, 596px\" \/><\/p>\n<p style=\"text-align: center;\"><img loading=\"lazy\" decoding=\"async\" class=\"alignnone size-full wp-image-3458\" alt=\"cesar_gonzalez_tachira_laguaira_11082013\" src=\"http:\/\/gradadigital.com\/home\/wp-content\/uploads\/2013\/08\/cesar_gonzalez_tachira_laguaira_11082013.jpg\" width=\"596\" height=\"346\" srcset=\"http:\/\/gradadigital.com\/home\/wp-content\/uploads\/2013\/08\/cesar_gonzalez_tachira_laguaira_11082013.jpg 596w, http:\/\/gradadigital.com\/home\/wp-content\/uploads\/2013\/08\/cesar_gonzalez_tachira_laguaira_11082013-300x174.jpg 300w\" sizes=\"auto, (max-width: 596px) 100vw, 596px\" \/><\/p>\n","protected":false},"excerpt":{"rendered":"<p>Prensa Deportivo T\u00e1chira &#8211; El Torneo Apertura 2013 no pudo iniciar de mejor manera para el Carrusel Aurinegro, la clase y categor\u00eda del capit\u00e1n C\u00e9sar \u201cMaestrico\u201d Gonz\u00e1lez, aportaron la inteligencia y los goles, junt\u00e1ndose con la contundencia de Gelm\u00edn Rivas para dejar los tres primeros puntos del campeonato en Pueblo Nuevo. El Deportivo T\u00e1chira F.C. &#8230;<\/p>\n","protected":false},"author":4,"featured_media":3457,"comment_status":"closed","ping_status":"closed","sticky":false,"template":"","format":"standard","meta":{"footnotes":""},"categories":[43,18,11,5,31],"tags":[],"class_list":["post-3456","post","type-post","status-publish","format-standard","has-post-thumbnail","hentry","category-fotos","category-real-esppor","category-deportivo-tachira","category-futbol-nacional","category-primera-division"],"_links":{"self":[{"href":"http:\/\/gradadigital.com\/home\/wp-json\/wp\/v2\/posts\/3456","targetHints":{"allow":["GET"]}}],"collection":[{"href":"http:\/\/gradadigital.com\/home\/wp-json\/wp\/v2\/posts"}],"about":[{"href":"http:\/\/gradadigital.com\/home\/wp-json\/wp\/v2\/types\/post"}],"author":[{"embeddable":true,"href":"http:\/\/gradadigital.com\/home\/wp-json\/wp\/v2\/users\/4"}],"replies":[{"embeddable":true,"href":"http:\/\/gradadigital.com\/home\/wp-json\/wp\/v2\/comments?post=3456"}],"version-history":[{"count":1,"href":"http:\/\/gradadigital.com\/home\/wp-json\/wp\/v2\/posts\/3456\/revisions"}],"predecessor-version":[{"id":3461,"href":"http:\/\/gradadigital.com\/home\/wp-json\/wp\/v2\/posts\/3456\/revisions\/3461"}],"wp:featuredmedia":[{"embeddable":true,"href":"http:\/\/gradadigital.com\/home\/wp-json\/wp\/v2\/media\/3457"}],"wp:attachment":[{"href":"http:\/\/gradadigital.com\/home\/wp-json\/wp\/v2\/media?parent=3456"}],"wp:term":[{"taxonomy":"category","embeddable":true,"href":"http:\/\/gradadigital.com\/home\/wp-json\/wp\/v2\/categories?post=3456"},{"taxonomy":"post_tag","embeddable":true,"href":"http:\/\/gradadigital.com\/home\/wp-json\/wp\/v2\/tags?post=3456"}],"curies":[{"name":"wp","href":"https:\/\/api.w.org\/{rel}","templated":true}]}}