{"id":34516,"date":"2017-05-20T10:00:34","date_gmt":"2017-05-20T14:30:34","guid":{"rendered":"http:\/\/gradadigital.com\/home\/?p=34516"},"modified":"2017-05-21T15:33:34","modified_gmt":"2017-05-21T20:03:34","slug":"soteldo-la-rebelion-del-talento-ante-los-gigantes","status":"publish","type":"post","link":"http:\/\/gradadigital.com\/home\/soteldo-la-rebelion-del-talento-ante-los-gigantes\/","title":{"rendered":"Soteldo, la rebeli\u00f3n del talento ante los gigantes"},"content":{"rendered":"<p style=\"text-align: center;\"><img decoding=\"async\" src=\"http:\/\/gradadigital.com\/home\/wp-content\/uploads\/2017\/05\/yeferson_soteldo_venezuela_alemania_20052017_1.jpg\" \/><\/p>\n<p style=\"text-align: justify;\"><strong>FIFA.com &#8211;<\/strong> A simple vista, desde la tribuna, Yeferson Soteldo parece un ni\u00f1o peque\u00f1o peleando contra gigantes. Sus 158cm parecen endebles ante los 183,5cm de promedio que tiene la defensa alemana. Pero dentro del campo, el 10 de Venezuela, no es un ni\u00f1o para los grandotes: es una pesadilla.<\/p>\n<p style=\"text-align: justify;\"><strong>\u00abTen\u00edan una buena estatura casi todos pero me gusta ser peque\u00f1o porque a ellos les cuesta agarrarme. En el momento que yo arranco a ellos les cuesta m\u00e1s\u00bb<\/strong>, le dice a FIFA.com tras ser una de las figuras del resonante triunfo venezolano por 2-0 en el debut de ambos en la Copa Mundial Sub-20 de la FIFA Rep\u00fablica de Corea 2017.<\/p>\n<p style=\"text-align: justify;\">Soteldo no marc\u00f3, pero principalmente en el segundo tiempo volvi\u00f3 locos a los marcadores desde su posici\u00f3n de enganche. <strong>\u00abEn tres cuartos de cancha es en donde es dif\u00edcil que me paren. Trato de recibir de frente al arco. Es mucho m\u00e1s dif\u00edcil agarrarme as\u00ed que cuando estoy de espaldas\u00bb<\/strong>.<\/p>\n<p style=\"text-align: justify;\">En el primer tiempo le cost\u00f3 el partido por los 28\u00baC que sobre el c\u00e9sped parec\u00edan m\u00e1s de 30\u00baC. <strong>\u00abEl clima no me ayud\u00f3 mucho, me sent\u00eda muy cansado. Cuando agarraba la pelota me llegaban dos o tres y no ten\u00eda c\u00f3mo pensar. En el camerino hablamos cuando termin\u00f3 el primer tiempo, en el segundo me refresqu\u00e9 un poco y nos salieron mejor las cosas\u00bb<\/strong>.<\/p>\n<p style=\"text-align: justify;\">Yeferson sol\u00eda jugar m\u00e1s por las bandas, principalmente la izquierda por su condici\u00f3n de zurdo. Pero entre Rafael Dudamel y Miguel Ponce t\u00e9cnico de su actual club, Huachipato de Chile, centraron su posici\u00f3n para minimizar sus desventajas f\u00edsicas, evitarle recorridos largos y hacerlo letal.<\/p>\n<p style=\"text-align: justify;\"><strong>\u00abEn el uno contra uno es muy dif\u00edcil de contener por su explosividad. Hemos hecho \u00e9nfasis en ense\u00f1arle a jugar en la zona de creaci\u00f3n, donde puede generar m\u00e1s sociedades y hacer jugar al equipo. \u00c9l va entendiendo d\u00f3nde puede generar duelos y d\u00f3nde no puede generar duelos. Su presencia potencia a todos\u00bb<\/strong>, le explica el seleccionador venezolano a FIFA.com.<\/p>\n<p style=\"text-align: center;\"><img decoding=\"async\" src=\"http:\/\/gradadigital.com\/home\/wp-content\/uploads\/2017\/05\/yeferson_soteldo_venezuela_alemania_20052017.jpg\" \/><\/p>\n<p style=\"text-align: justify;\"><strong>El miedo, el mal camino y la ambici\u00f3n<\/strong><br \/>\nEl 10 todav\u00eda est\u00e1 mejorando f\u00edsicamente tras estar a punto de perderse el Mundial por una falta bestial recibida en el campeonato chileno hace un mes. <strong>\u00abMis l\u00e1grimas cuando me pegaron la patada fueron porque ten\u00eda miedo de perderme el Mundial pero por suerte Dios es grande, est\u00e1 siempre conmigo y me pude recuperar\u00bb<\/strong>.<\/p>\n<p style=\"text-align: justify;\">Hubiese sido una gran injusticia para \u00e9l no jugar su primer gran torneo internacional, m\u00e1s all\u00e1 de que ya disput\u00f3 tres partidos de las eliminatorias sudamericanas a la Copa Mundial de la FIFA Rusia 2018\u2122 .<\/p>\n<p style=\"text-align: justify;\">Soteldo naci\u00f3 en 1997 en un barrio de Acarigua llamado &#8216;El Muertico&#8217;. El deporte le salv\u00f3 la vida. <strong>\u00abVengo de un barrio muy peligroso. Cuando ten\u00eda 11 a\u00f1os hab\u00eda tomado un mal camino pero por suerte el f\u00fatbol me salv\u00f3 de ser un delincuente. El f\u00fatbol y vestir la camiseta venezolana es lo que m\u00e1s me ha rescatado\u00bb<\/strong>.<\/p>\n<p style=\"text-align: justify;\">Durante la ejecuci\u00f3n del himno en la sofocante tarde de Daejeon se lo vio emocionado. <strong>\u00abEstar en un Mundial es un sue\u00f1o para m\u00ed\u00bb<\/strong>. Pero si puede aterrorizar gigantes no va a quedarse s\u00f3lo en eso: <strong>\u00abNosotros nos pusimos una meta, quedar campeones\u00bb<\/strong>.<\/p>\n","protected":false},"excerpt":{"rendered":"<p>FIFA.com &#8211; A simple vista, desde la tribuna, Yeferson Soteldo parece un ni\u00f1o peque\u00f1o peleando contra gigantes. Sus 158cm parecen endebles ante los 183,5cm de promedio que tiene la defensa alemana. Pero dentro del campo, el 10 de Venezuela, no es un ni\u00f1o para los grandotes: es una pesadilla. \u00abTen\u00edan una buena estatura casi todos &#8230;<\/p>\n","protected":false},"author":3,"featured_media":34564,"comment_status":"closed","ping_status":"closed","sticky":false,"template":"","format":"standard","meta":{"footnotes":""},"categories":[752,39,3],"tags":[480,370,2034,2036,2037,110,392,640,2035,151,109,2033,1931,258,2031,2039,51,71,235,1011],"class_list":["post-34516","post","type-post","status-publish","format-standard","has-post-thumbnail","hentry","category-appgd","category-seleccion-nacional-juveniles","category-seleccion-nacional","tag-alemania","tag-copa-mundial","tag-corea","tag-corea-del-sur","tag-daejeon","tag-fifa","tag-germany","tag-grupo-b","tag-korea","tag-la-vinotinto","tag-mundial","tag-republica-de-corea","tag-seleccion-nacional-juveniles","tag-sub-20","tag-sub20","tag-u20","tag-venezuela","tag-vinotinto","tag-world-cup","tag-yeferson-soteldo"],"_links":{"self":[{"href":"http:\/\/gradadigital.com\/home\/wp-json\/wp\/v2\/posts\/34516","targetHints":{"allow":["GET"]}}],"collection":[{"href":"http:\/\/gradadigital.com\/home\/wp-json\/wp\/v2\/posts"}],"about":[{"href":"http:\/\/gradadigital.com\/home\/wp-json\/wp\/v2\/types\/post"}],"author":[{"embeddable":true,"href":"http:\/\/gradadigital.com\/home\/wp-json\/wp\/v2\/users\/3"}],"replies":[{"embeddable":true,"href":"http:\/\/gradadigital.com\/home\/wp-json\/wp\/v2\/comments?post=34516"}],"version-history":[{"count":3,"href":"http:\/\/gradadigital.com\/home\/wp-json\/wp\/v2\/posts\/34516\/revisions"}],"predecessor-version":[{"id":34575,"href":"http:\/\/gradadigital.com\/home\/wp-json\/wp\/v2\/posts\/34516\/revisions\/34575"}],"wp:featuredmedia":[{"embeddable":true,"href":"http:\/\/gradadigital.com\/home\/wp-json\/wp\/v2\/media\/34564"}],"wp:attachment":[{"href":"http:\/\/gradadigital.com\/home\/wp-json\/wp\/v2\/media?parent=34516"}],"wp:term":[{"taxonomy":"category","embeddable":true,"href":"http:\/\/gradadigital.com\/home\/wp-json\/wp\/v2\/categories?post=34516"},{"taxonomy":"post_tag","embeddable":true,"href":"http:\/\/gradadigital.com\/home\/wp-json\/wp\/v2\/tags?post=34516"}],"curies":[{"name":"wp","href":"https:\/\/api.w.org\/{rel}","templated":true}]}}