{"id":34459,"date":"2017-04-11T19:10:57","date_gmt":"2017-04-11T23:40:57","guid":{"rendered":"http:\/\/gradadigital.com\/home\/?p=34459"},"modified":"2017-04-13T19:45:26","modified_gmt":"2017-04-14T00:15:26","slug":"juventus-de-tomas-rincon-golea-al-barcelona","status":"publish","type":"post","link":"http:\/\/gradadigital.com\/home\/juventus-de-tomas-rincon-golea-al-barcelona\/","title":{"rendered":"Juventus de Tom\u00e1s Rinc\u00f3n golea al Barcelona"},"content":{"rendered":"<p style=\"text-align: center;\"><img decoding=\"async\" src=\"http:\/\/gradadigital.com\/home\/wp-content\/uploads\/2017\/04\/tomas_rincon_juventus_barcelona_11042017.jpg\" \/><\/p>\n<p style=\"text-align: justify;\"><strong>Eduardo Contreras &#8211;<\/strong> La Juventus FC, equipo del futbolista venezolano Tom\u00e1s Rinc\u00f3n, gole\u00f3 (3-0) este martes, 11 de abril, en condici\u00f3n local al FC Barcelona, en el partido de ida de los cuartos de final de la UEFA Champions League.<\/p>\n<p style=\"text-align: justify;\">El argentino Paulo Dybala se erigi\u00f3 como protagonista del duelo tras anotarle dos golazos al conjunto azulgrana. El jugador de la Juve abri\u00f3 la cuenta en el minuto 7 con un zurdazo desde dentro del \u00e1rea que sorprendi\u00f3 a Marc-Andr\u00e9 ter Stegen; posteriormente, en el 22, y con un remate desde fuera del \u00e1rea, hizo el segundo tanto de los locales. Ya en la segunda parte, el defensa Giorgio Chiellini, luego de cabecear un c\u00f3rner, marc\u00f3 el tercer gol para cerrar el marcador (m.55).<\/p>\n<p style=\"text-align: justify;\">El mediocampista criollo de 29 a\u00f1os de edad ingres\u00f3 al terreno de juego a los 81 minutos por Dybala.<\/p>\n<p style=\"text-align: justify;\">El encuentro de vuelta se disputar\u00e1 el pr\u00f3ximo mi\u00e9rcoles, 19 de abril, donde la Juventus buscar\u00e1 sellar la llave y el Barcelona otra \u00e9pica remontada.<\/p>\n<p style=\"text-align: center;\"><img decoding=\"async\" src=\"http:\/\/gradadigital.com\/home\/wp-content\/uploads\/2017\/04\/tomas_rincon_juventus_barcelona_11042017_1.jpg\" \/><\/p>\n","protected":false},"excerpt":{"rendered":"<p>Eduardo Contreras &#8211; La Juventus FC, equipo del futbolista venezolano Tom\u00e1s Rinc\u00f3n, gole\u00f3 (3-0) este martes, 11 de abril, en condici\u00f3n local al FC Barcelona, en el partido de ida de los cuartos de final de la UEFA Champions League. El argentino Paulo Dybala se erigi\u00f3 como protagonista del duelo tras anotarle dos golazos al &#8230;<\/p>\n","protected":false},"author":3,"featured_media":34472,"comment_status":"closed","ping_status":"closed","sticky":false,"template":"","format":"standard","meta":{"footnotes":""},"categories":[752,36,4],"tags":[176,126,408,2002,1642,2018,1431,323,697,120],"class_list":["post-34459","post","type-post","status-publish","format-standard","has-post-thumbnail","hentry","category-appgd","category-internacional","category-legionarios","tag-barcelona","tag-champions-league","tag-fc-barcelona","tag-juve","tag-juventus","tag-juventus-fc","tag-legionarios","tag-tomas-rincon","tag-uefa","tag-uefa-champions-league"],"_links":{"self":[{"href":"http:\/\/gradadigital.com\/home\/wp-json\/wp\/v2\/posts\/34459","targetHints":{"allow":["GET"]}}],"collection":[{"href":"http:\/\/gradadigital.com\/home\/wp-json\/wp\/v2\/posts"}],"about":[{"href":"http:\/\/gradadigital.com\/home\/wp-json\/wp\/v2\/types\/post"}],"author":[{"embeddable":true,"href":"http:\/\/gradadigital.com\/home\/wp-json\/wp\/v2\/users\/3"}],"replies":[{"embeddable":true,"href":"http:\/\/gradadigital.com\/home\/wp-json\/wp\/v2\/comments?post=34459"}],"version-history":[{"count":4,"href":"http:\/\/gradadigital.com\/home\/wp-json\/wp\/v2\/posts\/34459\/revisions"}],"predecessor-version":[{"id":34474,"href":"http:\/\/gradadigital.com\/home\/wp-json\/wp\/v2\/posts\/34459\/revisions\/34474"}],"wp:featuredmedia":[{"embeddable":true,"href":"http:\/\/gradadigital.com\/home\/wp-json\/wp\/v2\/media\/34472"}],"wp:attachment":[{"href":"http:\/\/gradadigital.com\/home\/wp-json\/wp\/v2\/media?parent=34459"}],"wp:term":[{"taxonomy":"category","embeddable":true,"href":"http:\/\/gradadigital.com\/home\/wp-json\/wp\/v2\/categories?post=34459"},{"taxonomy":"post_tag","embeddable":true,"href":"http:\/\/gradadigital.com\/home\/wp-json\/wp\/v2\/tags?post=34459"}],"curies":[{"name":"wp","href":"https:\/\/api.w.org\/{rel}","templated":true}]}}