{"id":34442,"date":"2017-04-09T10:04:49","date_gmt":"2017-04-09T14:34:49","guid":{"rendered":"http:\/\/gradadigital.com\/home\/?p=34442"},"modified":"2017-04-11T20:00:04","modified_gmt":"2017-04-12T00:30:04","slug":"lino-alonso-dice-adios","status":"publish","type":"post","link":"http:\/\/gradadigital.com\/home\/lino-alonso-dice-adios\/","title":{"rendered":"Lino Alonso dice adi\u00f3s"},"content":{"rendered":"<p style=\"text-align: center;\"><img loading=\"lazy\" decoding=\"async\" class=\"alignnone size-full wp-image-34443\" src=\"http:\/\/gradadigital.com\/home\/wp-content\/uploads\/2017\/04\/lino_alonso_archivo_09042017.jpg\" alt=\"\" width=\"682\" height=\"455\" srcset=\"http:\/\/gradadigital.com\/home\/wp-content\/uploads\/2017\/04\/lino_alonso_archivo_09042017.jpg 682w, http:\/\/gradadigital.com\/home\/wp-content\/uploads\/2017\/04\/lino_alonso_archivo_09042017-300x200.jpg 300w\" sizes=\"auto, (max-width: 682px) 100vw, 682px\" \/><\/p>\n<p style=\"text-align: justify;\">La familia de Grada Digital se une al pesar que hoy se vive en el f\u00fatbol venezolano tras la sensible p\u00e9rdida del se\u00f1or Lino Alonso, emblem\u00e1tico entrenador de nuestro balompi\u00e9, y especialmente recordado por fomentar el crecimiento en las categor\u00edas menores del pa\u00eds, su gran olfato en descubrir jugadores, y por su larga trayectoria en las selecciones nacionales.<\/p>\n<p style=\"text-align: justify;\">Alonso, quien llev\u00f3 a la Vinotinto a ganar la medalla de Oro en los Juegos Centroamericanos y del Caribe en 1998, realizados en Maracaibo, sufri\u00f3 un infarto en\u00a0Bolivia, donde actualmente se desempe\u00f1aba como asistente t\u00e9cnico de C\u00e9sar Far\u00edas en el club The Strongest.<\/p>\n<p style=\"text-align: justify;\">El estratega fue condecorado por la Confederaci\u00f3n Sudamericana de F\u00fatbol (CONMEBOL) por su trabajo como entrenador.<\/p>\n<p style=\"text-align: justify;\">Paz a su alma.<\/p>\n","protected":false},"excerpt":{"rendered":"<p>La familia de Grada Digital se une al pesar que hoy se vive en el f\u00fatbol venezolano tras la sensible p\u00e9rdida del se\u00f1or Lino Alonso, emblem\u00e1tico entrenador de nuestro balompi\u00e9, y especialmente recordado por fomentar el crecimiento en las categor\u00edas menores del pa\u00eds, su gran olfato en descubrir jugadores, y por su larga trayectoria en &#8230;<\/p>\n","protected":false},"author":4,"featured_media":34443,"comment_status":"closed","ping_status":"closed","sticky":false,"template":"","format":"standard","meta":{"footnotes":""},"categories":[752],"tags":[2029],"class_list":["post-34442","post","type-post","status-publish","format-standard","has-post-thumbnail","hentry","category-appgd","tag-lino-alonso"],"_links":{"self":[{"href":"http:\/\/gradadigital.com\/home\/wp-json\/wp\/v2\/posts\/34442","targetHints":{"allow":["GET"]}}],"collection":[{"href":"http:\/\/gradadigital.com\/home\/wp-json\/wp\/v2\/posts"}],"about":[{"href":"http:\/\/gradadigital.com\/home\/wp-json\/wp\/v2\/types\/post"}],"author":[{"embeddable":true,"href":"http:\/\/gradadigital.com\/home\/wp-json\/wp\/v2\/users\/4"}],"replies":[{"embeddable":true,"href":"http:\/\/gradadigital.com\/home\/wp-json\/wp\/v2\/comments?post=34442"}],"version-history":[{"count":3,"href":"http:\/\/gradadigital.com\/home\/wp-json\/wp\/v2\/posts\/34442\/revisions"}],"predecessor-version":[{"id":34455,"href":"http:\/\/gradadigital.com\/home\/wp-json\/wp\/v2\/posts\/34442\/revisions\/34455"}],"wp:featuredmedia":[{"embeddable":true,"href":"http:\/\/gradadigital.com\/home\/wp-json\/wp\/v2\/media\/34443"}],"wp:attachment":[{"href":"http:\/\/gradadigital.com\/home\/wp-json\/wp\/v2\/media?parent=34442"}],"wp:term":[{"taxonomy":"category","embeddable":true,"href":"http:\/\/gradadigital.com\/home\/wp-json\/wp\/v2\/categories?post=34442"},{"taxonomy":"post_tag","embeddable":true,"href":"http:\/\/gradadigital.com\/home\/wp-json\/wp\/v2\/tags?post=34442"}],"curies":[{"name":"wp","href":"https:\/\/api.w.org\/{rel}","templated":true}]}}