{"id":34198,"date":"2017-02-05T20:54:53","date_gmt":"2017-02-06T01:24:53","guid":{"rendered":"http:\/\/gradadigital.com\/home\/?p=34198"},"modified":"2017-02-06T13:48:05","modified_gmt":"2017-02-06T18:18:05","slug":"igualdad-entre-aragua-y-monagas","status":"publish","type":"post","link":"http:\/\/gradadigital.com\/home\/igualdad-entre-aragua-y-monagas\/","title":{"rendered":"Igualdad entre Aragua y Monagas"},"content":{"rendered":"<p style=\"text-align: center;\"><img loading=\"lazy\" decoding=\"async\" class=\"alignnone size-full wp-image-34199\" src=\"http:\/\/gradadigital.com\/home\/wp-content\/uploads\/2017\/02\/aragua_monagas_05022017.jpg\" alt=\"\" width=\"682\" height=\"455\" srcset=\"http:\/\/gradadigital.com\/home\/wp-content\/uploads\/2017\/02\/aragua_monagas_05022017.jpg 682w, http:\/\/gradadigital.com\/home\/wp-content\/uploads\/2017\/02\/aragua_monagas_05022017-300x200.jpg 300w\" sizes=\"auto, (max-width: 682px) 100vw, 682px\" \/><\/p>\n<p style=\"text-align: justify;\"><strong>Prensa Monagas SC &#8211;\u00a0<\/strong>Los Guerreros del Guarapiche sumaron un valioso punto en condici\u00f3n de visitante en la segunda jornada del Torneo Apertura 2017. El conjunto oriental igual\u00f3 sin goles ante el Aragua FC en el Estadio Hermanos Ghersi P\u00e1ez de Maracay y de esta manera llega a 2 unidades en la tabla de posiciones.<\/p>\n<p style=\"text-align: justify;\">Los pupilos de Jhonny Ferreira lograron dominar los primeros compases del cotejo pero se encontraron con un combinado aurirrojo que necesitaba una victoria tras su caer en su estreno liguero el pasado fin de semana. El estratega monaguense afront\u00f3 este partido con pocos cambios en relaci\u00f3n al debut en casa ante el Caracas FC. En esta oportunidad, el habilidoso volante Luis Guerra sustituy\u00f3 en el once inicial al guayan\u00e9s \u00c1ngel Lezama.<\/p>\n<p style=\"text-align: justify;\">Durante la primera mitad, el duelo se mostr\u00f3 a favor de la visita, jug\u00e1ndose de ida y vuelta en los minutos iniciales. Ya en el complemento, Los monaguenses salieron a buscar los tres puntos, encontr\u00e1ndose con una zaga local ordenada y que parec\u00eda conformarse con la paridad en el resultado.<\/p>\n<p style=\"text-align: justify;\">Nuevamente, el plantel dirigido por Ferreira mostr\u00f3 un gran funcionamiento colectivo y cre\u00f3 oportunidades de peligro en los pies de Febles, Cariaco y Guerra. Tambi\u00e9n el Volante Javier Garc\u00eda pudo adelantar a la visita con un remate de cabeza que sali\u00f3 desviado.<\/p>\n<p style=\"text-align: justify;\">En declaraciones posteriores al final del partido, el DT azulgrana, resalt\u00f3 el trabajo colectivo de sus jugadores. \u201cTenemos que ocuparnos en darle las herramientas para mejorar y seguir sumando. El punto de visitante es muy valioso aunque quer\u00edamos recuperar las dos unidades que dejamos escapar en Matur\u00edn ante Caracas\u201d, destac\u00f3.<\/p>\n<p style=\"text-align: justify;\">La plantilla regresar\u00e1 a Matur\u00edn para preparar su pr\u00f3ximo reto en casa cuando reciban el pr\u00f3ximo domingo a partir de las 5:15 de la tarde al Zulia Fc de Juan Arango en el Estadio Monumental de la capital monaguense.<\/p>\n<p style=\"text-align: justify;\">Ficha T\u00e9cnica:<\/p>\n<p style=\"text-align: justify;\"><strong>Aragua FC (0):<\/strong> Yhonatann Yustiz; Francisco Fajardo, Carlos Salazar, Dustin Valdez, C\u00e9sar Urp\u00edn; Arnold L\u00f3pez, Leswis Landaeta*, Jos\u00e9 Torres (Wilmer Bravo 85\u2019), Jarol Herrera \u00a9 (Jos\u00e9 Castillo 74\u2019); Jos\u00e9 Rojas y Alejandro Carrera (Juan Garc\u00eda 60\u2019).<\/p>\n<p style=\"text-align: justify;\"><strong>Monagas SC (0):<\/strong> \u00c1ngel Hern\u00e1ndez\u00a9; Samuel Barberi*, Joaqu\u00edn Lencinas, Lucas Trejo, \u00d3scar Gonz\u00e1lez; Dager Palacios (\u00c1ngel Lezama 64\u2019), Javier Garc\u00eda, \u00d3scar N\u00fa\u00f1ez, Luis Guerra (Juan Z\u00e1rate 75\u2019), Luis Gonz\u00e1lez y Daniel Febles (Vicente Rodr\u00edguez 82\u2019).<\/p>\n<p style=\"text-align: justify;\"><strong>Tarjetas:<\/strong> Luis Guerra 18\u2019, \u00c1ngel Lezama (MSC), Alejandro Carrera 30\u2019 (AFC)<\/p>\n","protected":false},"excerpt":{"rendered":"<p>Prensa Monagas SC &#8211;\u00a0Los Guerreros del Guarapiche sumaron un valioso punto en condici\u00f3n de visitante en la segunda jornada del Torneo Apertura 2017. El conjunto oriental igual\u00f3 sin goles ante el Aragua FC en el Estadio Hermanos Ghersi P\u00e1ez de Maracay y de esta manera llega a 2 unidades en la tabla de posiciones. Los &#8230;<\/p>\n","protected":false},"author":4,"featured_media":34199,"comment_status":"closed","ping_status":"closed","sticky":false,"template":"","format":"standard","meta":{"footnotes":""},"categories":[752,6,5,16,31],"tags":[],"class_list":["post-34198","post","type-post","status-publish","format-standard","has-post-thumbnail","hentry","category-appgd","category-aragua-fc","category-futbol-nacional","category-monagas-sc","category-primera-division"],"_links":{"self":[{"href":"http:\/\/gradadigital.com\/home\/wp-json\/wp\/v2\/posts\/34198","targetHints":{"allow":["GET"]}}],"collection":[{"href":"http:\/\/gradadigital.com\/home\/wp-json\/wp\/v2\/posts"}],"about":[{"href":"http:\/\/gradadigital.com\/home\/wp-json\/wp\/v2\/types\/post"}],"author":[{"embeddable":true,"href":"http:\/\/gradadigital.com\/home\/wp-json\/wp\/v2\/users\/4"}],"replies":[{"embeddable":true,"href":"http:\/\/gradadigital.com\/home\/wp-json\/wp\/v2\/comments?post=34198"}],"version-history":[{"count":2,"href":"http:\/\/gradadigital.com\/home\/wp-json\/wp\/v2\/posts\/34198\/revisions"}],"predecessor-version":[{"id":34203,"href":"http:\/\/gradadigital.com\/home\/wp-json\/wp\/v2\/posts\/34198\/revisions\/34203"}],"wp:featuredmedia":[{"embeddable":true,"href":"http:\/\/gradadigital.com\/home\/wp-json\/wp\/v2\/media\/34199"}],"wp:attachment":[{"href":"http:\/\/gradadigital.com\/home\/wp-json\/wp\/v2\/media?parent=34198"}],"wp:term":[{"taxonomy":"category","embeddable":true,"href":"http:\/\/gradadigital.com\/home\/wp-json\/wp\/v2\/categories?post=34198"},{"taxonomy":"post_tag","embeddable":true,"href":"http:\/\/gradadigital.com\/home\/wp-json\/wp\/v2\/tags?post=34198"}],"curies":[{"name":"wp","href":"https:\/\/api.w.org\/{rel}","templated":true}]}}