{"id":34177,"date":"2017-02-02T21:02:06","date_gmt":"2017-02-03T01:32:06","guid":{"rendered":"http:\/\/gradadigital.com\/home\/?p=34177"},"modified":"2017-02-02T21:28:38","modified_gmt":"2017-02-03T01:58:38","slug":"el-caracas-fc-presento-su-plantilla-para-el-2017","status":"publish","type":"post","link":"http:\/\/gradadigital.com\/home\/el-caracas-fc-presento-su-plantilla-para-el-2017\/","title":{"rendered":"+FOTOS | El Caracas FC present\u00f3 su plantilla para el 2017"},"content":{"rendered":"<p style=\"text-align: center;\"><a href=\"http:\/\/gradadigital.com\/home\/wp-content\/uploads\/2017\/02\/ricardo_padron_noel_sanvicente_caracas_rueda_prensa_02022017.jpg\"><img loading=\"lazy\" decoding=\"async\" class=\"alignnone size-full wp-image-34167\" src=\"http:\/\/gradadigital.com\/home\/wp-content\/uploads\/2017\/02\/ricardo_padron_noel_sanvicente_caracas_rueda_prensa_02022017.jpg\" alt=\"\" width=\"682\" height=\"455\" srcset=\"http:\/\/gradadigital.com\/home\/wp-content\/uploads\/2017\/02\/ricardo_padron_noel_sanvicente_caracas_rueda_prensa_02022017.jpg 682w, http:\/\/gradadigital.com\/home\/wp-content\/uploads\/2017\/02\/ricardo_padron_noel_sanvicente_caracas_rueda_prensa_02022017-300x200.jpg 300w\" sizes=\"auto, (max-width: 682px) 100vw, 682px\" \/><\/a><\/p>\n<p style=\"text-align: justify;\"><strong>Prensa Caracas FC &#8211;\u00a0<\/strong>Este jueves, en la Multicancha del Cocodrilos Sports Park, Caracas F\u00fatbol Club efectu\u00f3 la presentaci\u00f3n oficial a los medios de comunicaci\u00f3n de la plantilla que disputar\u00e1 el Torneo Apertura y la CONMEBOL Sudamericana 2017.<\/p>\n<p style=\"text-align: justify;\">El evento tuvo la presencia de Rom\u00e1n Hern\u00e1ndez (Gerente de Mercadeo de Laboratorios Vargas), Mariana Borges (Directora de Mercadeo de DIRECTV), Manuel Medina (Gerente de Comercializaci\u00f3n de PKCELL), Rodolfo Rutilo (Gerente de Mercadeo de la Organizaci\u00f3n Deportiva Cocodrilos) y Ricardo Padr\u00f3n (Gerente General del Caracas F\u00fatbol Club), as\u00ed como de los representantes de los patrocinadores del combinado y las piezas y cuerpo t\u00e9cnico de la escuadra capitalina.<\/p>\n<p style=\"text-align: justify;\">La bienvenida la hizo Pascual Artiles, quien dio una introducci\u00f3n sobre la actividad y present\u00f3 a cada uno de los jugadores y miembros del cuerpo t\u00e9cnico del primer equipo.<\/p>\n<p style=\"text-align: justify;\">Inmediatamente, Rom\u00e1n Hern\u00e1ndez fue el primero en tomar la palabra en el podio.\u00a0<strong>\u00abEstamos contentos de estar un a\u00f1o m\u00e1s con el Caracas F\u00fatbol Club. En Laboratorios Vargas creemos firmemente en el desarrollo del deporte en Venezuela\u201d<\/strong>, coment\u00f3.<\/p>\n<p style=\"text-align: justify;\">Rodolfo Rutilo revel\u00f3 los precios de la boleter\u00eda y el nuevo comercial para esta zafra:\u00a0<strong>\u201cLas entradas para los partidos del Caracas F\u00fatbol Club estar\u00e1n a la venta a partir de ma\u00f1ana en todos nuestros puntos de venta. Tambi\u00e9n<\/strong><strong>\u00a0<\/strong><strong>queremos darle la bienvenida a PKCELL, nuestro nuevo patrocinante, y felicitar a Luis Soles, Director de este brillante comercial que muestra el sentimiento y la identidad de la instituci\u00f3n\u201d<\/strong>, argument\u00f3.<\/p>\n<p style=\"text-align: center;\"><a href=\"http:\/\/gradadigital.com\/home\/wp-content\/uploads\/2017\/02\/rueda_prensa_caracas_02022017.jpg\"><img loading=\"lazy\" decoding=\"async\" class=\"alignnone size-full wp-image-34171\" src=\"http:\/\/gradadigital.com\/home\/wp-content\/uploads\/2017\/02\/rueda_prensa_caracas_02022017.jpg\" alt=\"\" width=\"682\" height=\"455\" srcset=\"http:\/\/gradadigital.com\/home\/wp-content\/uploads\/2017\/02\/rueda_prensa_caracas_02022017.jpg 682w, http:\/\/gradadigital.com\/home\/wp-content\/uploads\/2017\/02\/rueda_prensa_caracas_02022017-300x200.jpg 300w\" sizes=\"auto, (max-width: 682px) 100vw, 682px\" \/><\/a><\/p>\n<p style=\"text-align: justify;\">Ricardo Padr\u00f3n dio a conocer los objetivos deportivos e institucionales para el naciente campeonato:\u00a0<strong>\u201cQueremos seguir reforzando nuestras categor\u00edas menores, ser los principales exportadores de jugadores. Esperamos conseguir lo que todos queremos, que es salir campeones. Asimismo, le damos la bienvenida oficial a todos los refuerzos para esta temporada, algunos ya estuvieron ac\u00e1. Confiamos en esta plantilla, por eso decidimos continuar con gran parte de la plantilla del a\u00f1o anterior, porque creemos que tenemos el equipo para pelear nuestro objetivo principal: ir por el t\u00edtulo<\/strong>.\u00a0<strong>Nuestro plantel est\u00e1 cerrado, queremos darle oportunidad al talento joven\u201d<\/strong>, coment\u00f3 el Gerente General de los Rojos del \u00c1vila.<\/p>\n<p style=\"text-align: center;\"><a href=\"http:\/\/gradadigital.com\/home\/wp-content\/uploads\/2017\/02\/noel_sanvicente_caracas_rueda_prensa_02022017.jpg\"><img loading=\"lazy\" decoding=\"async\" class=\"alignnone size-full wp-image-34172\" src=\"http:\/\/gradadigital.com\/home\/wp-content\/uploads\/2017\/02\/noel_sanvicente_caracas_rueda_prensa_02022017.jpg\" alt=\"\" width=\"682\" height=\"455\" srcset=\"http:\/\/gradadigital.com\/home\/wp-content\/uploads\/2017\/02\/noel_sanvicente_caracas_rueda_prensa_02022017.jpg 682w, http:\/\/gradadigital.com\/home\/wp-content\/uploads\/2017\/02\/noel_sanvicente_caracas_rueda_prensa_02022017-300x200.jpg 300w\" sizes=\"auto, (max-width: 682px) 100vw, 682px\" \/><\/a><\/p>\n<p style=\"text-align: justify;\">Noel Sanvicente, mandam\u00e1s del Endecacampe\u00f3n del f\u00fatbol profesional venezolano, habl\u00f3 sobre sus objetivos en el club:\u00a0<strong>\u201cDoy las gracias a todos los que hicieron posibles mi llegada al Caracas. Trabajaremos para ser campeones, no hay otra cosa; eso es lo que queremos todos y a eso apuntamos. Siempre ser\u00e1 una obligaci\u00f3n ganar en este equipo, eso lo s\u00e9 yo y lo sabe el equipo, as\u00ed como voy a querer un equipo protagonista, no es f\u00e1cil, pero estamos trabajando para eso\u201d<\/strong>, indic\u00f3 el guayan\u00e9s.<\/p>\n<p style=\"text-align: justify;\">Sobre los trabajos con el talento joven, el entrenador avile\u00f1o dio su opini\u00f3n.\u00a0<strong>\u201cPor supuesto queremos reforzar las categor\u00edas menores del club, para eso vinimos para ac\u00e1. Trabajamos de manera conjunta los jugadores de las inferiores con los de la primera. Ellos son el futuro de nuestra instituci\u00f3n\u201d<\/strong>, expres\u00f3.<\/p>\n<p style=\"text-align: justify;\">Para finalizar, el capit\u00e1n Miguel Mea Vitali confes\u00f3 las aspiraciones del plantel para el a\u00f1o en curso:\u00a0<strong>\u201cDe parte de todos los jugadores queremos dar las gracias a todos los que nos apoyan d\u00eda a d\u00eda. Este a\u00f1o queremos lograr la doce, no queremos quedarnos de nuevo a un paso, trabajaremos para eso. Cr\u00e9anlo, con el trabajo que venimos haciendo vamos a lograr el objetivo que todos queremos\u201d<\/strong>, finaliz\u00f3 el volante central.<\/p>\n<p style=\"text-align: justify;\">Caracas F\u00fatbol Club hizo un especial agradecimiento a todos y cada uno de los patrocinadores y aliados presentes, quienes confirmaron su apoyo para con el club para la campa\u00f1a 2017. A Laboratorios Vargas, DirecTV, Malt\u00edn Polar, Avelina, Movilnet, Gatorade, Pepsi,Samsung, PKCELL, Adidas, Medex, Sambil, Seguros Universitas, Mc Donald\u00b4s, Uni\u00f3n Radio, Venmedios y Alcald\u00eda de Caracas, nuestro m\u00e1s saludo y gratitud.<\/p>\n<p style=\"text-align: center;\"><a href=\"http:\/\/gradadigital.com\/home\/wp-content\/uploads\/2017\/02\/robert_hernandez_camiseta_local_caracas_02022017.jpg\"><img loading=\"lazy\" decoding=\"async\" class=\"alignnone size-full wp-image-34170\" src=\"http:\/\/gradadigital.com\/home\/wp-content\/uploads\/2017\/02\/robert_hernandez_camiseta_local_caracas_02022017.jpg\" alt=\"\" width=\"455\" height=\"682\" srcset=\"http:\/\/gradadigital.com\/home\/wp-content\/uploads\/2017\/02\/robert_hernandez_camiseta_local_caracas_02022017.jpg 455w, http:\/\/gradadigital.com\/home\/wp-content\/uploads\/2017\/02\/robert_hernandez_camiseta_local_caracas_02022017-200x300.jpg 200w\" sizes=\"auto, (max-width: 455px) 100vw, 455px\" \/><\/a><\/p>\n<p style=\"text-align: center;\"><a href=\"http:\/\/gradadigital.com\/home\/wp-content\/uploads\/2017\/02\/robert_garces_camiseta_visitante_caracas_02022017.jpg\"><img loading=\"lazy\" decoding=\"async\" class=\"alignnone size-full wp-image-34169\" src=\"http:\/\/gradadigital.com\/home\/wp-content\/uploads\/2017\/02\/robert_garces_camiseta_visitante_caracas_02022017.jpg\" alt=\"\" width=\"455\" height=\"682\" srcset=\"http:\/\/gradadigital.com\/home\/wp-content\/uploads\/2017\/02\/robert_garces_camiseta_visitante_caracas_02022017.jpg 455w, http:\/\/gradadigital.com\/home\/wp-content\/uploads\/2017\/02\/robert_garces_camiseta_visitante_caracas_02022017-200x300.jpg 200w\" sizes=\"auto, (max-width: 455px) 100vw, 455px\" \/><\/a><\/p>\n<p style=\"text-align: center;\"><a href=\"http:\/\/gradadigital.com\/home\/wp-content\/uploads\/2017\/02\/reiner_castro_camiseta_alternativa_caracas_02022017.jpg\"><img loading=\"lazy\" decoding=\"async\" class=\"alignnone size-full wp-image-34168\" src=\"http:\/\/gradadigital.com\/home\/wp-content\/uploads\/2017\/02\/reiner_castro_camiseta_alternativa_caracas_02022017.jpg\" alt=\"\" width=\"455\" height=\"682\" srcset=\"http:\/\/gradadigital.com\/home\/wp-content\/uploads\/2017\/02\/reiner_castro_camiseta_alternativa_caracas_02022017.jpg 455w, http:\/\/gradadigital.com\/home\/wp-content\/uploads\/2017\/02\/reiner_castro_camiseta_alternativa_caracas_02022017-200x300.jpg 200w\" sizes=\"auto, (max-width: 455px) 100vw, 455px\" \/><\/a><\/p>\n<p style=\"text-align: justify;\"><strong>JUGADORES DEL CARACAS F\u00daTBOL CLUB PARA EL TORNEO APERTURA Y CONMEBOL SUDAMERICANA 2017:<\/strong><\/p>\n<p style=\"text-align: justify;\">Wuilker Fari\u00f1ez<\/p>\n<p style=\"text-align: justify;\">Eduardo Herrera<\/p>\n<p style=\"text-align: justify;\">Juan Reyes<\/p>\n<p style=\"text-align: justify;\">Jes\u00fas Chac\u00f3n (a\u00f1o 1999)<\/p>\n<p style=\"text-align: justify;\">Mois\u00e9s Acu\u00f1a<\/p>\n<p style=\"text-align: justify;\">Andr\u00e9s S\u00e1nchez<\/p>\n<p style=\"text-align: justify;\">William D\u00edaz<\/p>\n<p style=\"text-align: justify;\">Gi\u00e1como Di Giorgi (segundo capit\u00e1n)<\/p>\n<p style=\"text-align: justify;\">Daniel Lin\u00e1rez<\/p>\n<p style=\"text-align: justify;\">Rubert Quijada (tercer capit\u00e1n)<\/p>\n<p style=\"text-align: justify;\">Jos\u00e9 Hern\u00e1ndez<\/p>\n<p style=\"text-align: justify;\">Miguel Mea Vitali (primer capit\u00e1n)<\/p>\n<p style=\"text-align: justify;\">Leonardo Flores<\/p>\n<p style=\"text-align: justify;\">Evelio Hern\u00e1ndez<\/p>\n<p style=\"text-align: justify;\">Robert Garc\u00e9s<\/p>\n<p style=\"text-align: justify;\">Anderson Contreras (a\u00f1o 2001)<\/p>\n<p style=\"text-align: justify;\">Daniel Daza<\/p>\n<p style=\"text-align: justify;\">Daniel Saggiomo<\/p>\n<p style=\"text-align: justify;\">Gabriele Rosa<\/p>\n<p style=\"text-align: justify;\">Jorge Echeverr\u00eda (a\u00f1o 2000)<\/p>\n<p style=\"text-align: justify;\">Christian Flores<\/p>\n<p style=\"text-align: justify;\">Santiago Rodr\u00edguez (a\u00f1o 2001)<\/p>\n<p style=\"text-align: justify;\">Diomar D\u00edaz<\/p>\n<p style=\"text-align: justify;\">Gerald Sotillo<\/p>\n<p style=\"text-align: justify;\">Robert Hern\u00e1ndez<\/p>\n<p style=\"text-align: justify;\">Freiner Dur\u00e1n (a\u00f1o 1999)<\/p>\n<p style=\"text-align: justify;\">Rafael Arace<\/p>\n<p style=\"text-align: justify;\">Ouens Molleda (a\u00f1o 1999)<\/p>\n<p style=\"text-align: justify;\">Edwuin Pern\u00eda<\/p>\n<p style=\"text-align: justify;\">Sergio C\u00f3rdova<\/p>\n<p style=\"text-align: justify;\">Rodrigo Febres<\/p>\n<p style=\"text-align: justify;\">Ronaldo Chac\u00f3n<\/p>\n<p style=\"text-align: justify;\">Reiner Castro<\/p>\n<p style=\"text-align: justify;\">Fredys Arrieta<\/p>\n<p style=\"text-align: justify;\">Edder Far\u00edas<\/p>\n<p style=\"text-align: justify;\"><strong>\u00a0<\/strong><\/p>\n<p style=\"text-align: justify;\"><strong>CUERPO T\u00c9CNICO DEL CARACAS F\u00daTBOL CLUB PARA EL TORNEO APERTURA Y CONMEBOL SUDAMERICANA 2017:<\/strong><\/p>\n<p style=\"text-align: justify;\">Noel Sanvicente (Director T\u00e9cnico)<\/p>\n<p style=\"text-align: justify;\">Maurizio Lazzaro (Asistente T\u00e9cnico)<\/p>\n<p style=\"text-align: justify;\">Carlos Rojas (Asistente T\u00e9cnico)<\/p>\n<p style=\"text-align: justify;\">Javier Mil\u00e1n (Preparador F\u00edsico)<\/p>\n<p style=\"text-align: justify;\">Michel Cofrades (Preparador de Porteros)<\/p>\n<p style=\"text-align: justify;\">Jos\u00e9 Castro (M\u00e9dico)<\/p>\n<p style=\"text-align: justify;\">Alexis Gonz\u00e1lez (Psic\u00f3logo)<\/p>\n<p style=\"text-align: justify;\">Jean Gonz\u00e1lez (Nutricionista)<\/p>\n<p style=\"text-align: justify;\">Romny Hern\u00e1ndez (Fisioterapeuta)<\/p>\n<p style=\"text-align: justify;\">Leonardo Marcano (Fisioterapeuta)<\/p>\n<p style=\"text-align: justify;\">Gaetano Luongo (Utilero)<\/p>\n<p style=\"text-align: justify;\">Guillermo Sanz (Utilero)<\/p>\n<p style=\"text-align: justify;\">Gregorio Mora (Utilero)<\/p>\n","protected":false},"excerpt":{"rendered":"<p>Prensa Caracas FC &#8211;\u00a0Este jueves, en la Multicancha del Cocodrilos Sports Park, Caracas F\u00fatbol Club efectu\u00f3 la presentaci\u00f3n oficial a los medios de comunicaci\u00f3n de la plantilla que disputar\u00e1 el Torneo Apertura y la CONMEBOL Sudamericana 2017. El evento tuvo la presencia de Rom\u00e1n Hern\u00e1ndez (Gerente de Mercadeo de Laboratorios Vargas), Mariana Borges (Directora de &#8230;<\/p>\n","protected":false},"author":8,"featured_media":34167,"comment_status":"closed","ping_status":"closed","sticky":false,"template":"","format":"standard","meta":{"footnotes":""},"categories":[43,752,9,5,31],"tags":[],"class_list":["post-34177","post","type-post","status-publish","format-standard","has-post-thumbnail","hentry","category-fotos","category-appgd","category-caracas-fc","category-futbol-nacional","category-primera-division"],"_links":{"self":[{"href":"http:\/\/gradadigital.com\/home\/wp-json\/wp\/v2\/posts\/34177","targetHints":{"allow":["GET"]}}],"collection":[{"href":"http:\/\/gradadigital.com\/home\/wp-json\/wp\/v2\/posts"}],"about":[{"href":"http:\/\/gradadigital.com\/home\/wp-json\/wp\/v2\/types\/post"}],"author":[{"embeddable":true,"href":"http:\/\/gradadigital.com\/home\/wp-json\/wp\/v2\/users\/8"}],"replies":[{"embeddable":true,"href":"http:\/\/gradadigital.com\/home\/wp-json\/wp\/v2\/comments?post=34177"}],"version-history":[{"count":3,"href":"http:\/\/gradadigital.com\/home\/wp-json\/wp\/v2\/posts\/34177\/revisions"}],"predecessor-version":[{"id":34179,"href":"http:\/\/gradadigital.com\/home\/wp-json\/wp\/v2\/posts\/34177\/revisions\/34179"}],"wp:featuredmedia":[{"embeddable":true,"href":"http:\/\/gradadigital.com\/home\/wp-json\/wp\/v2\/media\/34167"}],"wp:attachment":[{"href":"http:\/\/gradadigital.com\/home\/wp-json\/wp\/v2\/media?parent=34177"}],"wp:term":[{"taxonomy":"category","embeddable":true,"href":"http:\/\/gradadigital.com\/home\/wp-json\/wp\/v2\/categories?post=34177"},{"taxonomy":"post_tag","embeddable":true,"href":"http:\/\/gradadigital.com\/home\/wp-json\/wp\/v2\/tags?post=34177"}],"curies":[{"name":"wp","href":"https:\/\/api.w.org\/{rel}","templated":true}]}}