{"id":34128,"date":"2017-01-29T20:30:50","date_gmt":"2017-01-30T01:00:50","guid":{"rendered":"http:\/\/gradadigital.com\/home\/?p=34128"},"modified":"2017-01-29T20:30:50","modified_gmt":"2017-01-30T01:00:50","slug":"daniel-farias-no-es-como-se-arranca-sino-como-se-termina","status":"publish","type":"post","link":"http:\/\/gradadigital.com\/home\/daniel-farias-no-es-como-se-arranca-sino-como-se-termina\/","title":{"rendered":"Daniel Far\u00edas: \u201cNo es como se arranca, sino como se termina\u201d"},"content":{"rendered":"<p class=\"m_-4867312348743029290gmail-Standard\" style=\"text-align: center;\"><img loading=\"lazy\" decoding=\"async\" class=\"alignnone size-full wp-image-34129\" src=\"http:\/\/gradadigital.com\/home\/wp-content\/uploads\/2017\/01\/daniel_farias_zulia_estudiantes_28012017.jpg\" alt=\"\" width=\"682\" height=\"455\" srcset=\"http:\/\/gradadigital.com\/home\/wp-content\/uploads\/2017\/01\/daniel_farias_zulia_estudiantes_28012017.jpg 682w, http:\/\/gradadigital.com\/home\/wp-content\/uploads\/2017\/01\/daniel_farias_zulia_estudiantes_28012017-300x200.jpg 300w\" sizes=\"auto, (max-width: 682px) 100vw, 682px\" \/><\/p>\n<p class=\"m_-4867312348743029290gmail-Standard\" style=\"text-align: justify;\"><b>N\u00e9stor Cumare,\u00a0<\/b><b><span lang=\"ES\">Maracaibo &#8211;\u00a0<\/span><\/b><span lang=\"ES\">Tras un debut infortunado para el Zulia FC, luego de deslizarse ante Estudiantes de M\u00e9rida, en la primera fecha del Torneo Apertura 2017<\/span><span lang=\"ES-TRAD\">,<\/span> <span lang=\"ES-TRAD\">s<\/span><span lang=\"ES\">u <\/span><span lang=\"ES-TRAD\">di<\/span><span lang=\"ES\">rector <\/span><span lang=\"ES-TRAD\">t<\/span><span lang=\"ES\">\u00e9cnico<\/span><span lang=\"ES-TRAD\">,<\/span><span lang=\"ES\"> Daniel Far\u00edas<\/span><span lang=\"ES-TRAD\">,<\/span><span lang=\"ES\"> sali\u00f3 en defensa de su equipo<\/span><span lang=\"ES-TRAD\">,<\/span><span lang=\"ES\"> estableciendo que el torneo apenas comienza<\/span> <span lang=\"ES-TRAD\">y que los suyos ir\u00e1n a m\u00e1s.<\/span> <span lang=\"ES-TRAD\">El estratega dej\u00f3 en <\/span><span lang=\"ES\">claro que aprender\u00e1 de lo ocurrido en su primer partido oficial como t\u00e9cnico regional, y que trabajar\u00e1 junto a sus muchachos para estar listos para el compromiso siguiente ante el Anzo\u00e1tegui.<\/span><\/p>\n<p class=\"m_-4867312348743029290gmail-Standard\" style=\"text-align: justify;\"><span lang=\"ES\">Far\u00edas, asegur\u00f3 que la meta negriazul es llegar a la liguilla y sacar la mayor cantidad de puntos para la tabla acumulada. \u201c<b>El torneo es largo, vamos a mejorar, estamos seguros. No hicimos un mal partido, pero estamos seguros que vamos a ser mucho mejores<\/b>\u201d, acot\u00f3 el estratega.<\/span><\/p>\n<p class=\"m_-4867312348743029290gmail-Standard\" style=\"text-align: justify;\"><span lang=\"ES\">El DT hizo hincapi\u00e9 en que a\u00fan resta trabajo por hacer, \u201c<b>hoy <\/b>(<\/span><span lang=\"ES-TRAD\">ayer<\/span><span lang=\"ES\">)<b>, la mitad del equipo era nuevo. Hay una serie de aspectos que podemos mejorar. Sin embargo, en l\u00edneas generales fue bastante bueno. Lo importante es que a\u00fan estamos lejos de nuestra mejor faceta<\/b>\u201d, enfatiz\u00f3 el cuman\u00e9s.<\/span><\/p>\n<p class=\"m_-4867312348743029290gmail-Standard\" style=\"text-align: justify;\"><b><span lang=\"ES\">Da la cara por sus Jugadores<\/span><\/b><\/p>\n<p class=\"m_-4867312348743029290gmail-Standard\" style=\"text-align: justify;\"><span lang=\"ES\">\u201c<b>La gente tiene derecho a quejarse, pero a mi parece que debemos respetar a los jugadores y apoyarlos, no se\u00f1alarlos<\/b>\u201d, indic\u00f3 el profesor Far\u00edas antes de agregar que Renny Vega es el arquero del Zulia FC, y va seguir gozando de su confianza y la de todo el club. \u201c<b>\u00c9l <\/b>(Renny Vega)<b>, va a ser muy importante, tanto en el campeonato como en la copa internacional\u201d, <\/b>apunt\u00f3 el director t\u00e9cnico<\/span> <span lang=\"ES-TRAD\">sobre su guardameta titular, tras el infortunado cap\u00edtulo que signific\u00f3 el segundo y definitivo tanto emeritense.<\/span><\/p>\n<p class=\"m_-4867312348743029290gmail-Standard\" style=\"text-align: justify;\"><b><span lang=\"ES\">A\u00fan resta camino<\/span><\/b><\/p>\n<p class=\"m_-4867312348743029290gmail-Standard\" style=\"text-align: justify;\"><span lang=\"ES\">\u201c<b>El mismo peso que ten\u00edamos ayer lo vamos a tener ma\u00f1ana. Esto no era de ganarle a Estudiantes, hoy<\/b> (<\/span><span lang=\"ES-TRAD\">ayer<\/span><span lang=\"ES\">) <b>no ganamos el t\u00edtulo. No es como se arranca, sino como se termina, nosotros estamos totalmente convencidos de eso, y a medida que pasen los partidos vamos a ser mucho mejores\u201d<\/b>, indic\u00f3 el DT.<\/span><\/p>\n<p class=\"m_-4867312348743029290gmail-Standard\" style=\"text-align: justify;\"><span lang=\"ES\">As\u00ed mismo, el profesor Far\u00edas puntualiz\u00f3 la importancia de los siguientes partidos de cara al debut \u201cpetrolero\u201d en la Conmebol Libertadores Bridgestone, ante el Chapecoense, el pr\u00f3ximo 7 de marzo, en el \u201cPachencho\u201d Romero.<\/span><\/p>\n<p class=\"m_-4867312348743029290gmail-Standard\" style=\"text-align: justify;\"><span lang=\"ES\">\u201c<b>Nuestra expectativa para la Libertadores es la mayor, es competir de t\u00fa a t\u00fa, y realmente lograr en principio avanzar y despu\u00e9s seguir fortaleci\u00e9ndonos a medida que pase la campa\u00f1a<\/b>\u201d, suscribi\u00f3 el t\u00e9cnico zuliano, se\u00f1alando adem\u00e1s que le dar\u00e1 la importancia necesaria al Apertura, dado su valor como preparaci\u00f3n para el estreno internacional.<\/span><\/p>\n","protected":false},"excerpt":{"rendered":"<p>N\u00e9stor Cumare,\u00a0Maracaibo &#8211;\u00a0Tras un debut infortunado para el Zulia FC, luego de deslizarse ante Estudiantes de M\u00e9rida, en la primera fecha del Torneo Apertura 2017, su director t\u00e9cnico, Daniel Far\u00edas, sali\u00f3 en defensa de su equipo, estableciendo que el torneo apenas comienza y que los suyos ir\u00e1n a m\u00e1s. El estratega dej\u00f3 en claro que &#8230;<\/p>\n","protected":false},"author":4,"featured_media":34129,"comment_status":"closed","ping_status":"closed","sticky":false,"template":"","format":"standard","meta":{"footnotes":""},"categories":[752,5,31,22],"tags":[],"class_list":["post-34128","post","type-post","status-publish","format-standard","has-post-thumbnail","hentry","category-appgd","category-futbol-nacional","category-primera-division","category-zulia-fc"],"_links":{"self":[{"href":"http:\/\/gradadigital.com\/home\/wp-json\/wp\/v2\/posts\/34128","targetHints":{"allow":["GET"]}}],"collection":[{"href":"http:\/\/gradadigital.com\/home\/wp-json\/wp\/v2\/posts"}],"about":[{"href":"http:\/\/gradadigital.com\/home\/wp-json\/wp\/v2\/types\/post"}],"author":[{"embeddable":true,"href":"http:\/\/gradadigital.com\/home\/wp-json\/wp\/v2\/users\/4"}],"replies":[{"embeddable":true,"href":"http:\/\/gradadigital.com\/home\/wp-json\/wp\/v2\/comments?post=34128"}],"version-history":[{"count":1,"href":"http:\/\/gradadigital.com\/home\/wp-json\/wp\/v2\/posts\/34128\/revisions"}],"predecessor-version":[{"id":34130,"href":"http:\/\/gradadigital.com\/home\/wp-json\/wp\/v2\/posts\/34128\/revisions\/34130"}],"wp:featuredmedia":[{"embeddable":true,"href":"http:\/\/gradadigital.com\/home\/wp-json\/wp\/v2\/media\/34129"}],"wp:attachment":[{"href":"http:\/\/gradadigital.com\/home\/wp-json\/wp\/v2\/media?parent=34128"}],"wp:term":[{"taxonomy":"category","embeddable":true,"href":"http:\/\/gradadigital.com\/home\/wp-json\/wp\/v2\/categories?post=34128"},{"taxonomy":"post_tag","embeddable":true,"href":"http:\/\/gradadigital.com\/home\/wp-json\/wp\/v2\/tags?post=34128"}],"curies":[{"name":"wp","href":"https:\/\/api.w.org\/{rel}","templated":true}]}}