{"id":34083,"date":"2017-01-20T11:58:37","date_gmt":"2017-01-20T16:28:37","guid":{"rendered":"http:\/\/gradadigital.com\/home\/?p=34083"},"modified":"2017-01-20T11:58:37","modified_gmt":"2017-01-20T16:28:37","slug":"calendario-que-ruede-el-balon-conoce-los-encuentros-de-tu-equipo-para-el-apertura-2017","status":"publish","type":"post","link":"http:\/\/gradadigital.com\/home\/calendario-que-ruede-el-balon-conoce-los-encuentros-de-tu-equipo-para-el-apertura-2017\/","title":{"rendered":"+CALENDARIO | \u00a1Que ruede el bal\u00f3n! Conoce los encuentros de tu equipo para el Apertura 2017"},"content":{"rendered":"<p style=\"text-align: center;\"><img loading=\"lazy\" decoding=\"async\" class=\"alignnone size-full wp-image-33850\" src=\"http:\/\/gradadigital.com\/home\/wp-content\/uploads\/2016\/12\/trofeo_torneo_absoluto_venezuela_estrella_copa_11122016.jpg\" alt=\"\" width=\"682\" height=\"455\" srcset=\"http:\/\/gradadigital.com\/home\/wp-content\/uploads\/2016\/12\/trofeo_torneo_absoluto_venezuela_estrella_copa_11122016.jpg 682w, http:\/\/gradadigital.com\/home\/wp-content\/uploads\/2016\/12\/trofeo_torneo_absoluto_venezuela_estrella_copa_11122016-300x200.jpg 300w\" sizes=\"auto, (max-width: 682px) 100vw, 682px\" \/><\/p>\n<p style=\"text-align: justify;\"><strong>GradaDigital.com &#8211;<\/strong> La Asociaci\u00f3n del F\u00fatbol Venezolano public\u00f3 en la tarde de este viernes, 12 de enero, el calendario oficial del Torneo Apertura 2017, el cual iniciar\u00e1 el pr\u00f3ximo 29 de enero. \u00a1Mira!<\/p>\n<p style=\"text-align: center;\"><img loading=\"lazy\" decoding=\"async\" class=\"alignnone size-full wp-image-34085\" src=\"http:\/\/gradadigital.com\/home\/wp-content\/uploads\/2017\/01\/calendario_apertura_2017_gradadigital_1.jpg\" alt=\"\" width=\"724\" height=\"1200\" srcset=\"http:\/\/gradadigital.com\/home\/wp-content\/uploads\/2017\/01\/calendario_apertura_2017_gradadigital_1.jpg 724w, http:\/\/gradadigital.com\/home\/wp-content\/uploads\/2017\/01\/calendario_apertura_2017_gradadigital_1-181x300.jpg 181w, http:\/\/gradadigital.com\/home\/wp-content\/uploads\/2017\/01\/calendario_apertura_2017_gradadigital_1-618x1024.jpg 618w\" sizes=\"auto, (max-width: 724px) 100vw, 724px\" \/><\/p>\n<p style=\"text-align: center;\"><img loading=\"lazy\" decoding=\"async\" class=\"alignnone size-full wp-image-34084\" src=\"http:\/\/gradadigital.com\/home\/wp-content\/uploads\/2017\/01\/calendario_apertura_2017_gradadigital_2.jpg\" alt=\"\" width=\"724\" height=\"1200\" srcset=\"http:\/\/gradadigital.com\/home\/wp-content\/uploads\/2017\/01\/calendario_apertura_2017_gradadigital_2.jpg 724w, http:\/\/gradadigital.com\/home\/wp-content\/uploads\/2017\/01\/calendario_apertura_2017_gradadigital_2-181x300.jpg 181w, http:\/\/gradadigital.com\/home\/wp-content\/uploads\/2017\/01\/calendario_apertura_2017_gradadigital_2-618x1024.jpg 618w\" sizes=\"auto, (max-width: 724px) 100vw, 724px\" \/><\/p>\n<p style=\"text-align: center;\"><a href=\"http:\/\/gradadigital.com\/home\/wp-content\/uploads\/2017\/01\/calendario_apertura_2017_gradadigital_3.jpg\"><img loading=\"lazy\" decoding=\"async\" class=\"aligncenter wp-image-34086\" src=\"http:\/\/gradadigital.com\/home\/wp-content\/uploads\/2017\/01\/calendario_apertura_2017_gradadigital_3.jpg\" width=\"725\" height=\"725\" srcset=\"http:\/\/gradadigital.com\/home\/wp-content\/uploads\/2017\/01\/calendario_apertura_2017_gradadigital_3.jpg 1200w, http:\/\/gradadigital.com\/home\/wp-content\/uploads\/2017\/01\/calendario_apertura_2017_gradadigital_3-150x150.jpg 150w, http:\/\/gradadigital.com\/home\/wp-content\/uploads\/2017\/01\/calendario_apertura_2017_gradadigital_3-300x300.jpg 300w, http:\/\/gradadigital.com\/home\/wp-content\/uploads\/2017\/01\/calendario_apertura_2017_gradadigital_3-768x768.jpg 768w, http:\/\/gradadigital.com\/home\/wp-content\/uploads\/2017\/01\/calendario_apertura_2017_gradadigital_3-1024x1024.jpg 1024w, http:\/\/gradadigital.com\/home\/wp-content\/uploads\/2017\/01\/calendario_apertura_2017_gradadigital_3-70x70.jpg 70w\" sizes=\"auto, (max-width: 725px) 100vw, 725px\" \/><\/a><\/p>\n","protected":false},"excerpt":{"rendered":"<p>GradaDigital.com &#8211; La Asociaci\u00f3n del F\u00fatbol Venezolano public\u00f3 en la tarde de este viernes, 12 de enero, el calendario oficial del Torneo Apertura 2017, el cual iniciar\u00e1 el pr\u00f3ximo 29 de enero. \u00a1Mira!<\/p>\n","protected":false},"author":4,"featured_media":33850,"comment_status":"closed","ping_status":"closed","sticky":false,"template":"","format":"standard","meta":{"footnotes":""},"categories":[32,752,5,31],"tags":[],"class_list":["post-34083","post","type-post","status-publish","format-standard","has-post-thumbnail","hentry","category-especial","category-appgd","category-futbol-nacional","category-primera-division"],"_links":{"self":[{"href":"http:\/\/gradadigital.com\/home\/wp-json\/wp\/v2\/posts\/34083","targetHints":{"allow":["GET"]}}],"collection":[{"href":"http:\/\/gradadigital.com\/home\/wp-json\/wp\/v2\/posts"}],"about":[{"href":"http:\/\/gradadigital.com\/home\/wp-json\/wp\/v2\/types\/post"}],"author":[{"embeddable":true,"href":"http:\/\/gradadigital.com\/home\/wp-json\/wp\/v2\/users\/4"}],"replies":[{"embeddable":true,"href":"http:\/\/gradadigital.com\/home\/wp-json\/wp\/v2\/comments?post=34083"}],"version-history":[{"count":1,"href":"http:\/\/gradadigital.com\/home\/wp-json\/wp\/v2\/posts\/34083\/revisions"}],"predecessor-version":[{"id":34087,"href":"http:\/\/gradadigital.com\/home\/wp-json\/wp\/v2\/posts\/34083\/revisions\/34087"}],"wp:featuredmedia":[{"embeddable":true,"href":"http:\/\/gradadigital.com\/home\/wp-json\/wp\/v2\/media\/33850"}],"wp:attachment":[{"href":"http:\/\/gradadigital.com\/home\/wp-json\/wp\/v2\/media?parent=34083"}],"wp:term":[{"taxonomy":"category","embeddable":true,"href":"http:\/\/gradadigital.com\/home\/wp-json\/wp\/v2\/categories?post=34083"},{"taxonomy":"post_tag","embeddable":true,"href":"http:\/\/gradadigital.com\/home\/wp-json\/wp\/v2\/tags?post=34083"}],"curies":[{"name":"wp","href":"https:\/\/api.w.org\/{rel}","templated":true}]}}