{"id":34052,"date":"2017-01-09T11:42:16","date_gmt":"2017-01-09T16:12:16","guid":{"rendered":"http:\/\/gradadigital.com\/home\/?p=34052"},"modified":"2017-01-09T11:42:16","modified_gmt":"2017-01-09T16:12:16","slug":"maradona-respalda-plan-de-infantino-ampliar-el-mundial-a-48-equipos","status":"publish","type":"post","link":"http:\/\/gradadigital.com\/home\/maradona-respalda-plan-de-infantino-ampliar-el-mundial-a-48-equipos\/","title":{"rendered":"Maradona respalda plan de Infantino: ampliar el Mundial a 48 equipos"},"content":{"rendered":"<p style=\"text-align: center;\"><a href=\"http:\/\/gradadigital.com\/home\/wp-content\/uploads\/2014\/12\/philipp_lahm_alemania_argentina_13072014.jpg\"><img loading=\"lazy\" decoding=\"async\" class=\"alignnone size-full wp-image-16322\" src=\"http:\/\/gradadigital.com\/home\/wp-content\/uploads\/2014\/12\/philipp_lahm_alemania_argentina_13072014.jpg\" alt=\"\" width=\"682\" height=\"396\" srcset=\"http:\/\/gradadigital.com\/home\/wp-content\/uploads\/2014\/12\/philipp_lahm_alemania_argentina_13072014.jpg 682w, http:\/\/gradadigital.com\/home\/wp-content\/uploads\/2014\/12\/philipp_lahm_alemania_argentina_13072014-300x174.jpg 300w\" sizes=\"auto, (max-width: 682px) 100vw, 682px\" \/><\/a><\/p>\n<p style=\"text-align: justify;\"><strong>Brian Homewood, Z\u00daRICH (Reuters) &#8211;<\/strong> El ex capit\u00e1n de la selecci\u00f3n argentina Diego Maradona dijo que est\u00e1 encantado con los planes para ampliar el Mundial a 48 equipos y afirm\u00f3 que esa expansi\u00f3n reavivar\u00e1 el inter\u00e9s en el torneo de f\u00fatbol.<\/p>\n<p style=\"text-align: justify;\">Se espera que el Consejo de la FIFA apruebe la propuesta para expandir la Copa del Mundo de 32 a 48 equipos, comenzando en el 2026, cuando se re\u00fana el martes.<\/p>\n<p style=\"text-align: justify;\">Maradona, uno de los mejores futbolistas de todos los tiempos, ha sido cr\u00edtico con la FIFA por mucho tiempo pero ambas partes dejaron a un lado sus diferencias el a\u00f1o pasado luego de que Gianni Infantino fue elegido como presidente de la entidad que regula el deporte en reemplazo de Joseph Blatter.<\/p>\n<p style=\"text-align: justify;\">\u00abEstoy encantado con la iniciativa de Gianni porque de esa manera le da posibilidades a equipos que de entrada parten sabiendo que no van a jugar el Mundial\u00bb, dijo Maradona a periodistas tras un partido de veteranos en la sede de la FIFA.<\/p>\n<p style=\"text-align: justify;\">\u00abLe da esa ilusi\u00f3n a cada pa\u00eds y se renueva la pasi\u00f3n por el f\u00fatbol, me parece una idea fant\u00e1stica\u00bb, a\u00f1adi\u00f3 Maradona, quien llev\u00f3 a Argentina a conquistar el Mundial de 1986 como capit\u00e1n.<\/p>\n<p style=\"text-align: justify;\">El argentino dijo que era importante para el deporte que la imagen de la FIFA mejorara tras un esc\u00e1ndalo de corrupci\u00f3n que result\u00f3 en 40 individuos y compa\u00f1\u00edas de marketing deportivo acusados en Estados Unidos.<\/p>\n<p style=\"text-align: justify;\">\u00abQueremos una FIFA que est\u00e9 limpia as\u00ed la gente vuelve a los estadios, con tanta corrupci\u00f3n la gente se cans\u00f3 de ver siempre lo mismo\u00bb, dijo el ex futbolista de 56 a\u00f1os.<\/p>\n","protected":false},"excerpt":{"rendered":"<p>Brian Homewood, Z\u00daRICH (Reuters) &#8211; El ex capit\u00e1n de la selecci\u00f3n argentina Diego Maradona dijo que est\u00e1 encantado con los planes para ampliar el Mundial a 48 equipos y afirm\u00f3 que esa expansi\u00f3n reavivar\u00e1 el inter\u00e9s en el torneo de f\u00fatbol. Se espera que el Consejo de la FIFA apruebe la propuesta para expandir la &#8230;<\/p>\n","protected":false},"author":4,"featured_media":16322,"comment_status":"closed","ping_status":"closed","sticky":false,"template":"","format":"standard","meta":{"footnotes":""},"categories":[752,36,3],"tags":[],"class_list":["post-34052","post","type-post","status-publish","format-standard","has-post-thumbnail","hentry","category-appgd","category-internacional","category-seleccion-nacional"],"_links":{"self":[{"href":"http:\/\/gradadigital.com\/home\/wp-json\/wp\/v2\/posts\/34052","targetHints":{"allow":["GET"]}}],"collection":[{"href":"http:\/\/gradadigital.com\/home\/wp-json\/wp\/v2\/posts"}],"about":[{"href":"http:\/\/gradadigital.com\/home\/wp-json\/wp\/v2\/types\/post"}],"author":[{"embeddable":true,"href":"http:\/\/gradadigital.com\/home\/wp-json\/wp\/v2\/users\/4"}],"replies":[{"embeddable":true,"href":"http:\/\/gradadigital.com\/home\/wp-json\/wp\/v2\/comments?post=34052"}],"version-history":[{"count":1,"href":"http:\/\/gradadigital.com\/home\/wp-json\/wp\/v2\/posts\/34052\/revisions"}],"predecessor-version":[{"id":34053,"href":"http:\/\/gradadigital.com\/home\/wp-json\/wp\/v2\/posts\/34052\/revisions\/34053"}],"wp:featuredmedia":[{"embeddable":true,"href":"http:\/\/gradadigital.com\/home\/wp-json\/wp\/v2\/media\/16322"}],"wp:attachment":[{"href":"http:\/\/gradadigital.com\/home\/wp-json\/wp\/v2\/media?parent=34052"}],"wp:term":[{"taxonomy":"category","embeddable":true,"href":"http:\/\/gradadigital.com\/home\/wp-json\/wp\/v2\/categories?post=34052"},{"taxonomy":"post_tag","embeddable":true,"href":"http:\/\/gradadigital.com\/home\/wp-json\/wp\/v2\/tags?post=34052"}],"curies":[{"name":"wp","href":"https:\/\/api.w.org\/{rel}","templated":true}]}}