{"id":33940,"date":"2016-12-22T10:05:15","date_gmt":"2016-12-22T14:35:15","guid":{"rendered":"http:\/\/gradadigital.com\/home\/?p=33940"},"modified":"2016-12-22T10:05:15","modified_gmt":"2016-12-22T14:35:15","slug":"alejandro-guerra-sin-palabras-muy-emocionado-de-poder-ser-nombrado-mvp","status":"publish","type":"post","link":"http:\/\/gradadigital.com\/home\/alejandro-guerra-sin-palabras-muy-emocionado-de-poder-ser-nombrado-mvp\/","title":{"rendered":"Alejandro Guerra: \u00abSin palabras &#8230; muy emocionado de poder ser nombrado MVP\u00bb"},"content":{"rendered":"<p style=\"text-align: center;\"><img loading=\"lazy\" decoding=\"async\" class=\"alignnone size-full wp-image-33892\" src=\"http:\/\/gradadigital.com\/home\/wp-content\/uploads\/2016\/12\/alejandro_guerra_america_atlnacional_18122016.jpg\" alt=\"\" width=\"682\" height=\"455\" srcset=\"http:\/\/gradadigital.com\/home\/wp-content\/uploads\/2016\/12\/alejandro_guerra_america_atlnacional_18122016.jpg 682w, http:\/\/gradadigital.com\/home\/wp-content\/uploads\/2016\/12\/alejandro_guerra_america_atlnacional_18122016-300x200.jpg 300w\" sizes=\"auto, (max-width: 682px) 100vw, 682px\" \/><\/p>\n<p style=\"text-align: justify;\"><strong>GradaDigital.com &#8211;<\/strong> El mediocampista del Atl\u00e9tico Nacional, Alejandro Guerra, se expres\u00f3 a trav\u00e9s de sus redes oficiales para agradecer a todo el p\u00fablico luego de que ganara la distinci\u00f3n de Jugador M\u00e1s Valioso de la Copa Libertadores 2016. \u00abSin palabras. Gracias mi Dios,\u00a0gracias familia\u00bb, fueron las primeras palabras del jugador.<\/p>\n<p style=\"text-align: justify;\">Guerra, quien hizo historia en uno de los mejores equipos de sudam\u00e9rica de los \u00faltimos tiempos, y que impuso un nuevo r\u00e9cord de puntos en una Copa Libertadores, agreg\u00f3 que \u00abgracias a mis compa\u00f1eros de equipo porque sin ustedes no puede ser posible este premio, gracias al cuerpo t\u00e9cnico, gracias junta directiva, gracias hinchada, gracias amigos gracias a todos los que votaron he hicieron este premio posible\u00bb.<\/p>\n<p style=\"text-align: justify;\">El venezolano, primero en obtener este importante premio, cerr\u00f3 asegurando sentirse \u00abmuy emocionado de poder ser nombrado MVP de la Libertadores. Gracias a todos, mil gracias mi gente\u00bb.<\/p>\n","protected":false},"excerpt":{"rendered":"<p>GradaDigital.com &#8211; El mediocampista del Atl\u00e9tico Nacional, Alejandro Guerra, se expres\u00f3 a trav\u00e9s de sus redes oficiales para agradecer a todo el p\u00fablico luego de que ganara la distinci\u00f3n de Jugador M\u00e1s Valioso de la Copa Libertadores 2016. \u00abSin palabras. Gracias mi Dios,\u00a0gracias familia\u00bb, fueron las primeras palabras del jugador. Guerra, quien hizo historia en &#8230;<\/p>\n","protected":false},"author":4,"featured_media":33892,"comment_status":"closed","ping_status":"closed","sticky":false,"template":"","format":"standard","meta":{"footnotes":""},"categories":[752,37,36,4],"tags":[],"class_list":["post-33940","post","type-post","status-publish","format-standard","has-post-thumbnail","hentry","category-appgd","category-copa-libertadores","category-internacional","category-legionarios"],"_links":{"self":[{"href":"http:\/\/gradadigital.com\/home\/wp-json\/wp\/v2\/posts\/33940","targetHints":{"allow":["GET"]}}],"collection":[{"href":"http:\/\/gradadigital.com\/home\/wp-json\/wp\/v2\/posts"}],"about":[{"href":"http:\/\/gradadigital.com\/home\/wp-json\/wp\/v2\/types\/post"}],"author":[{"embeddable":true,"href":"http:\/\/gradadigital.com\/home\/wp-json\/wp\/v2\/users\/4"}],"replies":[{"embeddable":true,"href":"http:\/\/gradadigital.com\/home\/wp-json\/wp\/v2\/comments?post=33940"}],"version-history":[{"count":1,"href":"http:\/\/gradadigital.com\/home\/wp-json\/wp\/v2\/posts\/33940\/revisions"}],"predecessor-version":[{"id":33941,"href":"http:\/\/gradadigital.com\/home\/wp-json\/wp\/v2\/posts\/33940\/revisions\/33941"}],"wp:featuredmedia":[{"embeddable":true,"href":"http:\/\/gradadigital.com\/home\/wp-json\/wp\/v2\/media\/33892"}],"wp:attachment":[{"href":"http:\/\/gradadigital.com\/home\/wp-json\/wp\/v2\/media?parent=33940"}],"wp:term":[{"taxonomy":"category","embeddable":true,"href":"http:\/\/gradadigital.com\/home\/wp-json\/wp\/v2\/categories?post=33940"},{"taxonomy":"post_tag","embeddable":true,"href":"http:\/\/gradadigital.com\/home\/wp-json\/wp\/v2\/tags?post=33940"}],"curies":[{"name":"wp","href":"https:\/\/api.w.org\/{rel}","templated":true}]}}