{"id":33919,"date":"2016-12-19T10:07:07","date_gmt":"2016-12-19T14:37:07","guid":{"rendered":"http:\/\/gradadigital.com\/home\/?p=33919"},"modified":"2016-12-19T10:07:07","modified_gmt":"2016-12-19T14:37:07","slug":"guerra-con-mucho-orgullo-me-coloco-esta-medalla","status":"publish","type":"post","link":"http:\/\/gradadigital.com\/home\/guerra-con-mucho-orgullo-me-coloco-esta-medalla\/","title":{"rendered":"Guerra: \u00abCon mucho orgullo me coloco esta medalla\u00bb"},"content":{"rendered":"<p style=\"text-align: center;\"><img loading=\"lazy\" decoding=\"async\" class=\"alignnone size-full wp-image-33920\" src=\"http:\/\/gradadigital.com\/home\/wp-content\/uploads\/2016\/12\/alejandro_guerra_atlnacional_mundial_clubes_19122016.jpg\" alt=\"\" width=\"682\" height=\"455\" srcset=\"http:\/\/gradadigital.com\/home\/wp-content\/uploads\/2016\/12\/alejandro_guerra_atlnacional_mundial_clubes_19122016.jpg 682w, http:\/\/gradadigital.com\/home\/wp-content\/uploads\/2016\/12\/alejandro_guerra_atlnacional_mundial_clubes_19122016-300x200.jpg 300w\" sizes=\"auto, (max-width: 682px) 100vw, 682px\" \/><\/p>\n<p style=\"text-align: justify;\"><strong>GradaDigital.com &#8211;<\/strong> <strong>\u00abCon mucho orgullo me coloco esta medalla por el trabajo realizado este a\u00f1o junto a mis compa\u00f1eros y de la mano de Dios\u00bb<\/strong>, expres\u00f3 Alejandro Guerra en su cuenta oficial de Instagram, luego de obtener el tercer lugar en el Mundial de Clubes, competici\u00f3n donde adem\u00e1s anotar\u00eda el primer gol para un venezolano en la historia de la competici\u00f3n.<\/p>\n<p style=\"text-align: justify;\">A continuaci\u00f3n el mensaje completo del \u00abLobo\u00bb, donde invitaba a \u00abrecargar las bater\u00edas para este pr\u00f3ximo a\u00f1o que viene\u00bb.<\/p>\n<p>&nbsp;<\/p>\n<blockquote class=\"instagram-media\" style=\"background: #FFF; border: 0; border-radius: 3px; box-shadow: 0 0 1px 0 rgba(0,0,0,0.5),0 1px 10px 0 rgba(0,0,0,0.15); margin: 1px; max-width: 658px; padding: 0; width: calc(100% - 2px);\" data-instgrm-captioned=\"\" data-instgrm-version=\"7\">\n<div style=\"padding: 8px;\">\n<div style=\"background: #F8F8F8; line-height: 0; margin-top: 40px; padding: 50.0% 0; text-align: center; width: 100%;\"><\/div>\n<p style=\"margin: 8px 0 0 0; padding: 0 4px;\"><a style=\"color: #000; font-family: Arial,sans-serif; font-size: 14px; font-style: normal; font-weight: normal; line-height: 17px; text-decoration: none; word-wrap: break-word;\" href=\"https:\/\/www.instagram.com\/p\/BOMmZJRgaOl\/\" target=\"_blank\">Con mucho orgullo me coloco esta medalla &#x1f3c5; por el trabajo realizado este a\u00f1o junto a mis compa\u00f1eros y de la mano de #Dios primeramente gracias a mi familia esposa &#x1f48d; @kristyolgrileid por siempre estar junto a mis amores @kleverson9_ y @assaelguerra gracias a mi madre querida @rosamorales64 es la culpable de que este donde estoy ahora, a mi hermano #Armando y mi pap\u00e1 #Armando que me acompa\u00f1an a donde quiera que voy ustedes desde haya arriba siempre conmigo gracias a mis hermanas bellas @maurialeguerra y @milibethguerra8 por el cari\u00f1o de siempre gracias al primo primo @mauromendoza1842 gracias a mis compa\u00f1eros de equipo #FrancoArmani #D.Bocanegra #A.Enriques @felipeaguilar2 @farid_diaz19 #D.Arias @matheus_uribe @macnellytorres010 #O.Berrio @je.mosquera18 @miguelaborja23 @cristianbonilla1 #C.vargas @pachonajera5 #R.Miller @alcatrazgarcia22 @elkinblanco_ @tomymaya @rodinqr #A.Bernal @jpnieto15 @juanpablo9797 @arleyrodriguez_ar9 @ibarguen11_11 @cristian_dajome #E.Rescaldani @sebastiantm96 a los q ya no est\u00e1n c\u00f3mo @13alexmejia @jonathancopetevalencia @daosanchez13 #S.Perez @yimmichara #V.Ibarbo #L.C.Ruiz #S.Cardenas disculpas a los que se me escapan en estos momentos gracias a el #CuerpoTecnico #CuerpoMedico #JuntaDirectiva #Utileros @wilmarnacional #Gusa a los #Hinchas comandado por esta gran persona @pipe3dc a todos ustedes G R A C I A S D E C O R A Z O N este a\u00f1o fue incre\u00edble @nacionaloficial a todos ustedes se les quiere recargaremos las bater\u00edas para este pr\u00f3ximo a\u00f1o que viene de nuevo pido disculpas a los que no nombre &#x1f64f;&#x1f3fc; #DiosLosBendiga #FelicesFiestas #VamosLosVerdes &#x1f49a;&#x1f49a;&#x1f49a; &#x1f44d;&#x1f3fc;&#x1f44a;&#x1f3fc;&#x1f4aa;&#x1f3fc;<\/a><\/p>\n<p style=\"color: #c9c8cd; font-family: Arial,sans-serif; font-size: 14px; line-height: 17px; margin-bottom: 0; margin-top: 8px; overflow: hidden; padding: 8px 0 7px; text-align: center; text-overflow: ellipsis; white-space: nowrap;\">Una foto publicada por LOBO GUERRA 18 &#x1f415; &#x1f1fb;&#x1f1ea; (@18loboguerra) el <time style=\"font-family: Arial,sans-serif; font-size: 14px; line-height: 17px;\" datetime=\"2016-12-19T11:22:08+00:00\">19 de Dic de 2016 a la(s) 3:22 PST<\/time><\/p>\n<\/div>\n<\/blockquote>\n<p><script async defer src=\"\/\/platform.instagram.com\/en_US\/embeds.js\"><\/script><\/p>\n","protected":false},"excerpt":{"rendered":"<p>GradaDigital.com &#8211; \u00abCon mucho orgullo me coloco esta medalla por el trabajo realizado este a\u00f1o junto a mis compa\u00f1eros y de la mano de Dios\u00bb, expres\u00f3 Alejandro Guerra en su cuenta oficial de Instagram, luego de obtener el tercer lugar en el Mundial de Clubes, competici\u00f3n donde adem\u00e1s anotar\u00eda el primer gol para un venezolano &#8230;<\/p>\n","protected":false},"author":4,"featured_media":33920,"comment_status":"closed","ping_status":"closed","sticky":false,"template":"","format":"standard","meta":{"footnotes":""},"categories":[752,36,4],"tags":[],"class_list":["post-33919","post","type-post","status-publish","format-standard","has-post-thumbnail","hentry","category-appgd","category-internacional","category-legionarios"],"_links":{"self":[{"href":"http:\/\/gradadigital.com\/home\/wp-json\/wp\/v2\/posts\/33919","targetHints":{"allow":["GET"]}}],"collection":[{"href":"http:\/\/gradadigital.com\/home\/wp-json\/wp\/v2\/posts"}],"about":[{"href":"http:\/\/gradadigital.com\/home\/wp-json\/wp\/v2\/types\/post"}],"author":[{"embeddable":true,"href":"http:\/\/gradadigital.com\/home\/wp-json\/wp\/v2\/users\/4"}],"replies":[{"embeddable":true,"href":"http:\/\/gradadigital.com\/home\/wp-json\/wp\/v2\/comments?post=33919"}],"version-history":[{"count":1,"href":"http:\/\/gradadigital.com\/home\/wp-json\/wp\/v2\/posts\/33919\/revisions"}],"predecessor-version":[{"id":33921,"href":"http:\/\/gradadigital.com\/home\/wp-json\/wp\/v2\/posts\/33919\/revisions\/33921"}],"wp:featuredmedia":[{"embeddable":true,"href":"http:\/\/gradadigital.com\/home\/wp-json\/wp\/v2\/media\/33920"}],"wp:attachment":[{"href":"http:\/\/gradadigital.com\/home\/wp-json\/wp\/v2\/media?parent=33919"}],"wp:term":[{"taxonomy":"category","embeddable":true,"href":"http:\/\/gradadigital.com\/home\/wp-json\/wp\/v2\/categories?post=33919"},{"taxonomy":"post_tag","embeddable":true,"href":"http:\/\/gradadigital.com\/home\/wp-json\/wp\/v2\/tags?post=33919"}],"curies":[{"name":"wp","href":"https:\/\/api.w.org\/{rel}","templated":true}]}}