{"id":33814,"date":"2016-12-08T12:14:28","date_gmt":"2016-12-08T16:44:28","guid":{"rendered":"http:\/\/gradadigital.com\/home\/?p=33814"},"modified":"2016-12-08T12:14:28","modified_gmt":"2016-12-08T16:44:28","slug":"millan-y-gutierrez-quieren-hacer-historia-con-nacional-en-libertadores","status":"publish","type":"post","link":"http:\/\/gradadigital.com\/home\/millan-y-gutierrez-quieren-hacer-historia-con-nacional-en-libertadores\/","title":{"rendered":"Mill\u00e1n y Guti\u00e9rrez quieren hacer historia con Nacional en Libertadores"},"content":{"rendered":"<p style=\"text-align: center;\"><img loading=\"lazy\" decoding=\"async\" class=\"alignnone size-full wp-image-33815\" src=\"http:\/\/gradadigital.com\/home\/wp-content\/uploads\/2016\/12\/danae_millan_migdiel_gutierrez_nacional_copa_libertadores_femenina_08122016.jpg\" alt=\"danae_millan_migdiel_gutierrez_nacional_copa_libertadores_femenina_08122016\" width=\"682\" height=\"455\" srcset=\"http:\/\/gradadigital.com\/home\/wp-content\/uploads\/2016\/12\/danae_millan_migdiel_gutierrez_nacional_copa_libertadores_femenina_08122016.jpg 682w, http:\/\/gradadigital.com\/home\/wp-content\/uploads\/2016\/12\/danae_millan_migdiel_gutierrez_nacional_copa_libertadores_femenina_08122016-300x200.jpg 300w\" sizes=\"auto, (max-width: 682px) 100vw, 682px\" \/><\/p>\n<p style=\"text-align: justify;\"><strong>Prensa Femenino FVF.-\u00a0<\/strong>El Club Nacional de Uruguay, que es uno de los anfitriones de la Copa Libertadores femenina 2016, tiene en su plantel a dos\u00a0 venezolanas: la defensora Danae Mill\u00e1n y la portera Migdiel Guti\u00e9rrez. El elenco local qued\u00f3 en el grupo B, y este jueves cayeron en su estreno 1-3 ante Adiz Foz Cataratas, de Brasil. Pese al tropiezo, las criollas no renuncian a la clasifcaci\u00f3n y buscar\u00e1n hacer historia en los dos partidos que le restan, frente a Generaciones Palmiranas, de Colombia, y San Mart\u00edn de Porres, de Bolivia.<\/p>\n<p style=\"text-align: justify;\">Mill\u00e1n, quien naci\u00f3 en el estado Anzo\u00e1tegui, se encuentra con el equipo uruguayo desde 2014, luego de una excelente participaci\u00f3n en el Sudamericano sub-20 del mismo a\u00f1o, \u00a0con la selecci\u00f3n de Venezuela, rendimiento que le abri\u00f3 las puertas del cuadro que dirige Ignacio Chitnisky, y, desde entonces, ha sigo regular en \u201cEl Bolso\u201d.<\/p>\n<p style=\"text-align: justify;\">La larense Migdiel Guti\u00e9rrez, por su parte, lleg\u00f3 en septiembre para estar bajo los tres palos como titular. En el primero choque de esta edici\u00f3n del certamen, no hubo sorpresas y exjugadora del Deportivo Lara estuvo encargada de custodiar la valla.<\/p>\n<p style=\"text-align: justify;\"><strong>\u201cEl trato ac\u00e1 desde que llegu\u00e9 ha sido muy bueno, tanto de las jugadoras como del entrenador, Ignacio Chitnisky, y Danae Mill\u00e1n, que son con los que m\u00e1s convivo mi d\u00eda a d\u00eda y estoy muy agradecida con ellos y con el club por esta oportunidad que me est\u00e1n dando en la que me he esforzado mucho para dar lo mejor de m\u00ed, en el campeonato local y ahora en Libertadores\u201d<\/strong>, coment\u00f3 Guti\u00e9rrez sobre su primera experiencia en el f\u00fatbol extranjero.<\/p>\n<p style=\"text-align: justify;\">La guardameta refuerza al equipo Decano para el torneo local hasta finales de a\u00f1o, pero sus buenas actuaciones le permitieron debutar en el certamen de clubes m\u00e1s importante de Sudam\u00e9rica. <strong>\u201cEstoy muy contenta por la oportunidad que me ha brindado el club en mi primera temporada ac\u00e1, y que me toque jugar Copa Libertadores es importante, por eso espero dar lo mejor de m\u00ed. Y, como equipo, creo que podemos llegar lejos, ya que hemos estado trabajando fuerte, para estar entre las mejores de la Copa\u201d<\/strong>, concluy\u00f3 la Vinotinto.<\/p>\n","protected":false},"excerpt":{"rendered":"<p>Prensa Femenino FVF.-\u00a0El Club Nacional de Uruguay, que es uno de los anfitriones de la Copa Libertadores femenina 2016, tiene en su plantel a dos\u00a0 venezolanas: la defensora Danae Mill\u00e1n y la portera Migdiel Guti\u00e9rrez. El elenco local qued\u00f3 en el grupo B, y este jueves cayeron en su estreno 1-3 ante Adiz Foz Cataratas, &#8230;<\/p>\n","protected":false},"author":4,"featured_media":33815,"comment_status":"closed","ping_status":"closed","sticky":false,"template":"","format":"standard","meta":{"footnotes":""},"categories":[752,41,36],"tags":[],"class_list":["post-33814","post","type-post","status-publish","format-standard","has-post-thumbnail","hentry","category-appgd","category-futbol-femenino","category-internacional"],"_links":{"self":[{"href":"http:\/\/gradadigital.com\/home\/wp-json\/wp\/v2\/posts\/33814","targetHints":{"allow":["GET"]}}],"collection":[{"href":"http:\/\/gradadigital.com\/home\/wp-json\/wp\/v2\/posts"}],"about":[{"href":"http:\/\/gradadigital.com\/home\/wp-json\/wp\/v2\/types\/post"}],"author":[{"embeddable":true,"href":"http:\/\/gradadigital.com\/home\/wp-json\/wp\/v2\/users\/4"}],"replies":[{"embeddable":true,"href":"http:\/\/gradadigital.com\/home\/wp-json\/wp\/v2\/comments?post=33814"}],"version-history":[{"count":1,"href":"http:\/\/gradadigital.com\/home\/wp-json\/wp\/v2\/posts\/33814\/revisions"}],"predecessor-version":[{"id":33816,"href":"http:\/\/gradadigital.com\/home\/wp-json\/wp\/v2\/posts\/33814\/revisions\/33816"}],"wp:featuredmedia":[{"embeddable":true,"href":"http:\/\/gradadigital.com\/home\/wp-json\/wp\/v2\/media\/33815"}],"wp:attachment":[{"href":"http:\/\/gradadigital.com\/home\/wp-json\/wp\/v2\/media?parent=33814"}],"wp:term":[{"taxonomy":"category","embeddable":true,"href":"http:\/\/gradadigital.com\/home\/wp-json\/wp\/v2\/categories?post=33814"},{"taxonomy":"post_tag","embeddable":true,"href":"http:\/\/gradadigital.com\/home\/wp-json\/wp\/v2\/tags?post=33814"}],"curies":[{"name":"wp","href":"https:\/\/api.w.org\/{rel}","templated":true}]}}