{"id":33735,"date":"2016-12-01T00:33:54","date_gmt":"2016-12-01T05:03:54","guid":{"rendered":"http:\/\/gradadigital.com\/home\/?p=33735"},"modified":"2016-12-01T00:40:27","modified_gmt":"2016-12-01T05:10:27","slug":"fotos-asi-fueron-los-emotivos-homenajes-en-venezuela-para-chapecoense","status":"publish","type":"post","link":"http:\/\/gradadigital.com\/home\/fotos-asi-fueron-los-emotivos-homenajes-en-venezuela-para-chapecoense\/","title":{"rendered":"FOTOS | As\u00ed fueron los emotivos homenajes en Venezuela para Chapecoense"},"content":{"rendered":"<p style=\"text-align: center;\"><img loading=\"lazy\" decoding=\"async\" class=\"alignnone size-full wp-image-33724\" src=\"http:\/\/gradadigital.com\/home\/wp-content\/uploads\/2016\/12\/jorge_rojas_tachira_zulia_chapecoense_30112016.jpg\" alt=\"jorge_rojas_tachira_zulia_chapecoense_30112016\" width=\"682\" height=\"455\" srcset=\"http:\/\/gradadigital.com\/home\/wp-content\/uploads\/2016\/12\/jorge_rojas_tachira_zulia_chapecoense_30112016.jpg 682w, http:\/\/gradadigital.com\/home\/wp-content\/uploads\/2016\/12\/jorge_rojas_tachira_zulia_chapecoense_30112016-300x200.jpg 300w\" sizes=\"auto, (max-width: 682px) 100vw, 682px\" \/><\/p>\n<p style=\"text-align: justify;\"><strong>GradaDigital.com &#8211;<\/strong> Lleg\u00f3 el d\u00eda mi\u00e9rcoles, 30 de noviembre, y as\u00ed el calendario marcaba el encuentro de vuelta de la Gran Final del Torneo Clausura de Venezuela. No era en el estado an\u00edmico ideal, pues el d\u00eda anterior <a href=\"http:\/\/gradadigital.com\/home\/accidente-del-chapecoense-enluta-al-mundo-del-futbol\/\" target=\"_blank\"><span style=\"color: #0000ff;\">se confirmaba al mundo del f\u00fatbol el lamentable accidente a\u00e9reo del avi\u00f3n que trasladaba a Chapecoense a Medell\u00edn<\/span><\/a>, y que ha dejado sin vida a 71 personas.<\/p>\n<p style=\"text-align: justify;\">Como se efectu\u00f3 en gran parte del mundo, la liga del torneo venezolano sigui\u00f3 los emotivos gestos de solidaridad con el club brasile\u00f1o, y en el marco de la final en Pueblo Nuevo ante m\u00e1s de 30.000 personas, tanto el Deportivo T\u00e1chira y el Zulia FC lucieron sus respectivos homenajes. Al momento del himno nacional, el estratega \u00abAurinegro\u00bb, Carlos Maldonado, se coloc\u00f3 la camiseta de Chapecoense del jugador Arthur Maia (fallecido en el accidente), y posteriormente dirigir\u00eda desde el banco con una chemise con los colores del club homenajeado.<\/p>\n<p style=\"text-align: justify;\">Ambos equipos tambi\u00e9n portar\u00edan un brazalete en el brazo con el escudo de la instituci\u00f3n de Chapec\u00f3, as\u00ed como tambi\u00e9n saltar\u00edan al campo de juego con una enorme pancarta expresando solidaridad con los seguidores y familiares de los afectados. Por \u00faltimo, se arrojaron al cielo globos con los colores verde y blanco que identifican a la instituci\u00f3n. Varios jugadores del Zulia FC en medio de su consagraci\u00f3n tras la definici\u00f3n en penales, se\u00f1alaban el escudo del club Chapecoense como dedicatoria del triunfo.<\/p>\n<p style=\"text-align: center;\"><strong>FOTOS<\/strong><\/p>\n<p style=\"text-align: center;\"><img loading=\"lazy\" decoding=\"async\" class=\"alignnone size-full wp-image-33725\" src=\"http:\/\/gradadigital.com\/home\/wp-content\/uploads\/2016\/12\/giancarlo_maldonado_tachira_zulia_chapecoense_30112016.jpg\" alt=\"giancarlo_maldonado_tachira_zulia_chapecoense_30112016\" width=\"682\" height=\"455\" srcset=\"http:\/\/gradadigital.com\/home\/wp-content\/uploads\/2016\/12\/giancarlo_maldonado_tachira_zulia_chapecoense_30112016.jpg 682w, http:\/\/gradadigital.com\/home\/wp-content\/uploads\/2016\/12\/giancarlo_maldonado_tachira_zulia_chapecoense_30112016-300x200.jpg 300w\" sizes=\"auto, (max-width: 682px) 100vw, 682px\" \/><\/p>\n<p style=\"text-align: center;\"><img loading=\"lazy\" decoding=\"async\" class=\"alignnone size-full wp-image-33719\" src=\"http:\/\/gradadigital.com\/home\/wp-content\/uploads\/2016\/12\/zulia_once_tachira_zulia_30112016.jpg\" alt=\"zulia_once_tachira_zulia_30112016\" width=\"682\" height=\"455\" srcset=\"http:\/\/gradadigital.com\/home\/wp-content\/uploads\/2016\/12\/zulia_once_tachira_zulia_30112016.jpg 682w, http:\/\/gradadigital.com\/home\/wp-content\/uploads\/2016\/12\/zulia_once_tachira_zulia_30112016-300x200.jpg 300w\" sizes=\"auto, (max-width: 682px) 100vw, 682px\" \/><\/p>\n<p style=\"text-align: center;\"><img loading=\"lazy\" decoding=\"async\" class=\"alignnone size-full wp-image-33724\" src=\"http:\/\/gradadigital.com\/home\/wp-content\/uploads\/2016\/12\/jorge_rojas_tachira_zulia_chapecoense_30112016.jpg\" alt=\"jorge_rojas_tachira_zulia_chapecoense_30112016\" width=\"682\" height=\"455\" srcset=\"http:\/\/gradadigital.com\/home\/wp-content\/uploads\/2016\/12\/jorge_rojas_tachira_zulia_chapecoense_30112016.jpg 682w, http:\/\/gradadigital.com\/home\/wp-content\/uploads\/2016\/12\/jorge_rojas_tachira_zulia_chapecoense_30112016-300x200.jpg 300w\" sizes=\"auto, (max-width: 682px) 100vw, 682px\" \/><\/p>\n<p style=\"text-align: center;\"><img loading=\"lazy\" decoding=\"async\" class=\"alignnone size-full wp-image-33736\" src=\"http:\/\/gradadigital.com\/home\/wp-content\/uploads\/2016\/12\/tachira_homenaje_chapecoense_tachira_zulia_30112016.jpg\" alt=\"tachira_homenaje_chapecoense_tachira_zulia_30112016\" width=\"682\" height=\"455\" srcset=\"http:\/\/gradadigital.com\/home\/wp-content\/uploads\/2016\/12\/tachira_homenaje_chapecoense_tachira_zulia_30112016.jpg 682w, http:\/\/gradadigital.com\/home\/wp-content\/uploads\/2016\/12\/tachira_homenaje_chapecoense_tachira_zulia_30112016-300x200.jpg 300w\" sizes=\"auto, (max-width: 682px) 100vw, 682px\" \/><\/p>\n","protected":false},"excerpt":{"rendered":"<p>GradaDigital.com &#8211; Lleg\u00f3 el d\u00eda mi\u00e9rcoles, 30 de noviembre, y as\u00ed el calendario marcaba el encuentro de vuelta de la Gran Final del Torneo Clausura de Venezuela. No era en el estado an\u00edmico ideal, pues el d\u00eda anterior se confirmaba al mundo del f\u00fatbol el lamentable accidente a\u00e9reo del avi\u00f3n que trasladaba a Chapecoense a &#8230;<\/p>\n","protected":false},"author":4,"featured_media":33725,"comment_status":"closed","ping_status":"closed","sticky":false,"template":"","format":"standard","meta":{"footnotes":""},"categories":[43,752,38,5,36,31],"tags":[],"class_list":["post-33735","post","type-post","status-publish","format-standard","has-post-thumbnail","hentry","category-fotos","category-appgd","category-copa-sudamericana","category-futbol-nacional","category-internacional","category-primera-division"],"_links":{"self":[{"href":"http:\/\/gradadigital.com\/home\/wp-json\/wp\/v2\/posts\/33735","targetHints":{"allow":["GET"]}}],"collection":[{"href":"http:\/\/gradadigital.com\/home\/wp-json\/wp\/v2\/posts"}],"about":[{"href":"http:\/\/gradadigital.com\/home\/wp-json\/wp\/v2\/types\/post"}],"author":[{"embeddable":true,"href":"http:\/\/gradadigital.com\/home\/wp-json\/wp\/v2\/users\/4"}],"replies":[{"embeddable":true,"href":"http:\/\/gradadigital.com\/home\/wp-json\/wp\/v2\/comments?post=33735"}],"version-history":[{"count":4,"href":"http:\/\/gradadigital.com\/home\/wp-json\/wp\/v2\/posts\/33735\/revisions"}],"predecessor-version":[{"id":33740,"href":"http:\/\/gradadigital.com\/home\/wp-json\/wp\/v2\/posts\/33735\/revisions\/33740"}],"wp:featuredmedia":[{"embeddable":true,"href":"http:\/\/gradadigital.com\/home\/wp-json\/wp\/v2\/media\/33725"}],"wp:attachment":[{"href":"http:\/\/gradadigital.com\/home\/wp-json\/wp\/v2\/media?parent=33735"}],"wp:term":[{"taxonomy":"category","embeddable":true,"href":"http:\/\/gradadigital.com\/home\/wp-json\/wp\/v2\/categories?post=33735"},{"taxonomy":"post_tag","embeddable":true,"href":"http:\/\/gradadigital.com\/home\/wp-json\/wp\/v2\/tags?post=33735"}],"curies":[{"name":"wp","href":"https:\/\/api.w.org\/{rel}","templated":true}]}}