{"id":33689,"date":"2016-11-29T11:45:13","date_gmt":"2016-11-29T16:15:13","guid":{"rendered":"http:\/\/gradadigital.com\/home\/?p=33689"},"modified":"2016-11-29T11:51:12","modified_gmt":"2016-11-29T16:21:12","slug":"atletico-nacional-hace-oficial-su-solicitud-de-que-chapecoense-sea-el-campeon-de-sudamericana","status":"publish","type":"post","link":"http:\/\/gradadigital.com\/home\/atletico-nacional-hace-oficial-su-solicitud-de-que-chapecoense-sea-el-campeon-de-sudamericana\/","title":{"rendered":"Atl\u00e9tico Nacional hace oficial su solicitud de que Chapecoense sea el Campe\u00f3n de Sudamericana"},"content":{"rendered":"<p style=\"text-align: center;\"><img loading=\"lazy\" decoding=\"async\" class=\"alignnone size-full wp-image-33690\" src=\"http:\/\/gradadigital.com\/home\/wp-content\/uploads\/2016\/11\/atlnacional_comunicado_29112016.jpg\" alt=\"atlnacional_comunicado_29112016\" width=\"682\" height=\"455\" srcset=\"http:\/\/gradadigital.com\/home\/wp-content\/uploads\/2016\/11\/atlnacional_comunicado_29112016.jpg 682w, http:\/\/gradadigital.com\/home\/wp-content\/uploads\/2016\/11\/atlnacional_comunicado_29112016-300x200.jpg 300w\" sizes=\"auto, (max-width: 682px) 100vw, 682px\" \/><\/p>\n<p style=\"text-align: justify;\"><strong>Prensa Atl\u00e9tico Nacional &#8211;<\/strong> El dolor embarga rotundamente nuestros corazones e invade de luto nuestro pensamiento. Han sido horas lamentables en las que hemos estado consternados con una noticia que nunca quisimos haber escuchado. El accidente de nuestros hermanos del f\u00fatbol de Chapecoense nos marcar\u00e1 de por vida y desde ya dejar\u00e1 una huella imborrable en el f\u00fatbol latinoamericano y mundial. Todo esto ha sido completamente inesperado, por eso el dolor. Se trataban todos ellos, futbolistas, Cuerpo T\u00e9cnico, periodistas y tripulaci\u00f3n, de personas con muchos sue\u00f1os, por eso el llanto.<\/p>\n<p style=\"text-align: justify;\">El lamento mundial se ha hecho extensivo tambi\u00e9n a toda la familia Verdolaga quienes desde sus patrocinadores, su Junta Directiva, su Cuerpo T\u00e9cnico, sus jugadores, su parte administrativa y su afici\u00f3n, han manifestado el desconsuelo y la desaz\u00f3n por lo absurdo. La solidaridad no se hizo esperar y de nuestra parte acompa\u00f1amos de forma rotunda el padecimiento de todos los hermanos que nos abandonaron quienes junto a sus familiares y nosotros, compart\u00edamos una ilusi\u00f3n grande de ser campeones continentales de la Copa Sudamericana.<\/p>\n<p style=\"text-align: justify;\">Luego de estar muy preocupados por la parte humana pensamos en el aspecto competitivo y queremos publicar este comunicado en donde Atl\u00e9tico Nacional invita a Conmebol a que el t\u00edtulo de la Copa Sudamericana le sea entregado a la Associacao Chapecoense de Futebol como laurel honor\u00edfico a su gran p\u00e9rdida y en homenaje p\u00f3stumo a las v\u00edctimas del fatal accidente que enluta nuestro deporte. De nuestra parte, y para siempre, Chapecoense Campe\u00f3n de la Copa Sudamericana 2016.<\/p>\n","protected":false},"excerpt":{"rendered":"<p>Prensa Atl\u00e9tico Nacional &#8211; El dolor embarga rotundamente nuestros corazones e invade de luto nuestro pensamiento. Han sido horas lamentables en las que hemos estado consternados con una noticia que nunca quisimos haber escuchado. El accidente de nuestros hermanos del f\u00fatbol de Chapecoense nos marcar\u00e1 de por vida y desde ya dejar\u00e1 una huella imborrable &#8230;<\/p>\n","protected":false},"author":4,"featured_media":33690,"comment_status":"closed","ping_status":"closed","sticky":false,"template":"","format":"standard","meta":{"footnotes":""},"categories":[752,38,36],"tags":[],"class_list":["post-33689","post","type-post","status-publish","format-standard","has-post-thumbnail","hentry","category-appgd","category-copa-sudamericana","category-internacional"],"_links":{"self":[{"href":"http:\/\/gradadigital.com\/home\/wp-json\/wp\/v2\/posts\/33689","targetHints":{"allow":["GET"]}}],"collection":[{"href":"http:\/\/gradadigital.com\/home\/wp-json\/wp\/v2\/posts"}],"about":[{"href":"http:\/\/gradadigital.com\/home\/wp-json\/wp\/v2\/types\/post"}],"author":[{"embeddable":true,"href":"http:\/\/gradadigital.com\/home\/wp-json\/wp\/v2\/users\/4"}],"replies":[{"embeddable":true,"href":"http:\/\/gradadigital.com\/home\/wp-json\/wp\/v2\/comments?post=33689"}],"version-history":[{"count":2,"href":"http:\/\/gradadigital.com\/home\/wp-json\/wp\/v2\/posts\/33689\/revisions"}],"predecessor-version":[{"id":33692,"href":"http:\/\/gradadigital.com\/home\/wp-json\/wp\/v2\/posts\/33689\/revisions\/33692"}],"wp:featuredmedia":[{"embeddable":true,"href":"http:\/\/gradadigital.com\/home\/wp-json\/wp\/v2\/media\/33690"}],"wp:attachment":[{"href":"http:\/\/gradadigital.com\/home\/wp-json\/wp\/v2\/media?parent=33689"}],"wp:term":[{"taxonomy":"category","embeddable":true,"href":"http:\/\/gradadigital.com\/home\/wp-json\/wp\/v2\/categories?post=33689"},{"taxonomy":"post_tag","embeddable":true,"href":"http:\/\/gradadigital.com\/home\/wp-json\/wp\/v2\/tags?post=33689"}],"curies":[{"name":"wp","href":"https:\/\/api.w.org\/{rel}","templated":true}]}}