{"id":33607,"date":"2016-11-25T00:10:13","date_gmt":"2016-11-25T04:40:13","guid":{"rendered":"http:\/\/gradadigital.com\/home\/?p=33607"},"modified":"2016-11-25T00:10:13","modified_gmt":"2016-11-25T04:40:13","slug":"alejandro-guerra-y-otra-final-continental-la-copa-sudamericana","status":"publish","type":"post","link":"http:\/\/gradadigital.com\/home\/alejandro-guerra-y-otra-final-continental-la-copa-sudamericana\/","title":{"rendered":"Alejandro Guerra y otra final continental: La Copa Sudamericana"},"content":{"rendered":"<p style=\"text-align: center;\"><img loading=\"lazy\" decoding=\"async\" class=\"alignnone size-full wp-image-33608\" src=\"http:\/\/gradadigital.com\/home\/wp-content\/uploads\/2016\/11\/alejandro_guerra_atlnacional_cerroporteno_24112016.jpg\" alt=\"alejandro_guerra_atlnacional_cerroporteno_24112016\" width=\"682\" height=\"455\" srcset=\"http:\/\/gradadigital.com\/home\/wp-content\/uploads\/2016\/11\/alejandro_guerra_atlnacional_cerroporteno_24112016.jpg 682w, http:\/\/gradadigital.com\/home\/wp-content\/uploads\/2016\/11\/alejandro_guerra_atlnacional_cerroporteno_24112016-300x200.jpg 300w\" sizes=\"auto, (max-width: 682px) 100vw, 682px\" \/><\/p>\n<p style=\"text-align: justify;\"><strong>AFP<\/strong> &#8211; El Atl\u00e9tico Nacional de Colombia clasific\u00f3 este jueves en Medell\u00edn a la final de la Copa Sudamericana al empatar 0-0 con Cerro Porte\u00f1o de Paraguay, y disputar\u00e1 ante el Chapecoense de Brasil el que podr\u00eda ser su segundo t\u00edtulo continental del a\u00f1o.<\/p>\n<p style=\"text-align: justify;\">El vigente campe\u00f3n de la Copa Libertadores hab\u00eda logrado un valioso empate 1-1 en Asunci\u00f3n, lo que le dio ventaja por el gol de visitante, que hizo valer en el estadio Atanasio Girardot.<\/p>\n<p style=\"text-align: justify;\">Cerro luch\u00f3 todo el partido y vendi\u00f3 cara su eliminaci\u00f3n ante un poderoso Nacional, que tuvo en su arquero Franco Armani un baluarte para la clasificaci\u00f3n.<\/p>\n<p style=\"text-align: justify;\">Nacional recibir\u00e1 en Medell\u00edn el mi\u00e9rcoles al sorpresivo equipo de la localidad brasile\u00f1a de Chapec\u00f3 (Estado de Santa Catarina), que le gan\u00f3 la otra semifinal al San Lorenzo de Argentina.<\/p>\n<p style=\"text-align: justify;\"><strong>Ficha t\u00e9cnica:<\/strong><\/p>\n<p style=\"text-align: justify;\">Atl\u00e9tico Nacional \u2013 Cerro Porte\u00f1o 0 &#8211; 0<\/p>\n<p style=\"text-align: justify;\"><strong>Estadio:<\/strong> Atanasio Girardot (Medell\u00edn)<\/p>\n<p style=\"text-align: justify;\"><strong>Clima: <\/strong>C\u00e1lido. Terreno: buen estado<\/p>\n<p style=\"text-align: justify;\"><strong>\u00c1rbitro:<\/strong> Julio Bascu\u00f1\u00e1n. <strong>L\u00edneas:<\/strong> Christian Schiemann y Marcelo Barraza (Terna de Chile)<\/p>\n<p style=\"text-align: justify;\"><strong>Amonestaciones:<\/strong><\/p>\n<p style=\"text-align: justify;\"><strong>Atl. Nacional:<\/strong> Alejandro Guerra (74&#8242;)<\/p>\n<p style=\"text-align: justify;\"><strong>Cerro Porte\u00f1o:<\/strong> \u00c1lvaro Pereira (53&#8242;), Cecilio Dom\u00ednguez (57&#8242;), Marcos C\u00e1ceres (80&#8242;).<\/p>\n<p style=\"text-align: justify;\"><strong>Expulsiones:<\/strong><\/p>\n<p style=\"text-align: justify;\"><strong>Cerro Porte\u00f1o:<\/strong> Marcos Riveros (83&#8242;)<\/p>\n<p style=\"text-align: justify;\"><strong>Alineaciones:<\/strong><\/p>\n<p style=\"text-align: justify;\"><strong>Atl\u00e9tico Nacional:<\/strong> Franco Armani &#8211; Matheus Uribe, Felipe Aguilar, Alexis Henr\u00edquez, Farid D\u00edaz &#8211; Diego Arias, Juan Nieto (Alejandro Guerra, 62&#8242;), Orlando Berr\u00edo, Macnelly Torres \u2013 Andr\u00e9s Ibarg\u00fcen (John Mosquera, 85&#8242;) y Ezequiel Rescaldani (Arley Rodr\u00edguez, 76&#8242;). DT: Reinaldo Rueda.<\/p>\n<p style=\"text-align: justify;\"><strong>Cerro Porte\u00f1o: <\/strong>Antony Silva \u2013 Ra\u00fal C\u00e1ceres (Josu\u00e9 Colm\u00e1n, 83&#8242;), Marcos C\u00e1ceres, Junior Alonso y \u00c1lvaro Pereira &#8211; \u00a0Marcelo Estigarribia (Pablo Vel\u00e1squez, 64&#8242;), Rodrigo Rojas, Marcos Riveros, Silvio Torales (Jorge Rojas, 59&#8242;) &#8211; Guillermo Beltr\u00e1n y Cecilio Dom\u00ednguez. DT: Gustavo Florent\u00edn.<\/p>\n","protected":false},"excerpt":{"rendered":"<p>AFP &#8211; El Atl\u00e9tico Nacional de Colombia clasific\u00f3 este jueves en Medell\u00edn a la final de la Copa Sudamericana al empatar 0-0 con Cerro Porte\u00f1o de Paraguay, y disputar\u00e1 ante el Chapecoense de Brasil el que podr\u00eda ser su segundo t\u00edtulo continental del a\u00f1o. El vigente campe\u00f3n de la Copa Libertadores hab\u00eda logrado un valioso &#8230;<\/p>\n","protected":false},"author":4,"featured_media":33608,"comment_status":"closed","ping_status":"closed","sticky":false,"template":"","format":"standard","meta":{"footnotes":""},"categories":[752,36,4],"tags":[],"class_list":["post-33607","post","type-post","status-publish","format-standard","has-post-thumbnail","hentry","category-appgd","category-internacional","category-legionarios"],"_links":{"self":[{"href":"http:\/\/gradadigital.com\/home\/wp-json\/wp\/v2\/posts\/33607","targetHints":{"allow":["GET"]}}],"collection":[{"href":"http:\/\/gradadigital.com\/home\/wp-json\/wp\/v2\/posts"}],"about":[{"href":"http:\/\/gradadigital.com\/home\/wp-json\/wp\/v2\/types\/post"}],"author":[{"embeddable":true,"href":"http:\/\/gradadigital.com\/home\/wp-json\/wp\/v2\/users\/4"}],"replies":[{"embeddable":true,"href":"http:\/\/gradadigital.com\/home\/wp-json\/wp\/v2\/comments?post=33607"}],"version-history":[{"count":1,"href":"http:\/\/gradadigital.com\/home\/wp-json\/wp\/v2\/posts\/33607\/revisions"}],"predecessor-version":[{"id":33609,"href":"http:\/\/gradadigital.com\/home\/wp-json\/wp\/v2\/posts\/33607\/revisions\/33609"}],"wp:featuredmedia":[{"embeddable":true,"href":"http:\/\/gradadigital.com\/home\/wp-json\/wp\/v2\/media\/33608"}],"wp:attachment":[{"href":"http:\/\/gradadigital.com\/home\/wp-json\/wp\/v2\/media?parent=33607"}],"wp:term":[{"taxonomy":"category","embeddable":true,"href":"http:\/\/gradadigital.com\/home\/wp-json\/wp\/v2\/categories?post=33607"},{"taxonomy":"post_tag","embeddable":true,"href":"http:\/\/gradadigital.com\/home\/wp-json\/wp\/v2\/tags?post=33607"}],"curies":[{"name":"wp","href":"https:\/\/api.w.org\/{rel}","templated":true}]}}