{"id":33551,"date":"2016-11-23T08:42:05","date_gmt":"2016-11-23T13:12:05","guid":{"rendered":"http:\/\/gradadigital.com\/home\/?p=33551"},"modified":"2016-11-23T08:42:05","modified_gmt":"2016-11-23T13:12:05","slug":"jakubowicz-creo-que-el-publico-latino-tiene-un-problema-de-amor-propio","status":"publish","type":"post","link":"http:\/\/gradadigital.com\/home\/jakubowicz-creo-que-el-publico-latino-tiene-un-problema-de-amor-propio\/","title":{"rendered":"Jakubowicz: \u00abCreo que el p\u00fablico latino tiene un problema de amor propio\u00bb"},"content":{"rendered":"<p style=\"text-align: center;\"><img decoding=\"async\" src=\"http:\/\/gradadigital.com\/home\/wp-content\/uploads\/2016\/08\/jakubowicz_hands_of_stone_22082016.jpg\" \/><\/p>\n<p style=\"text-align: justify;\"><strong>Antonio Mart\u00edn Guirado. EFE &#8211;<\/strong> El cineasta venezolano Jonathan Jakubowicz, director de la cinta &#8216;Hands of Stone&#8217;, a la venta desde hoy en DVD, dijo a EFE que considera que el p\u00fablico latino de Estados Unidos <strong>\u00abtiene un problema de amor propio\u00bb<\/strong>.<\/p>\n<p style=\"text-align: justify;\">El filme, sobre la vida del boxeador Roberto &#8216;Mano de Piedra&#8217; Dur\u00e1n, recaud\u00f3 apenas 4,7 millones de d\u00f3lares (4,4 millones de euros) en las salas estadounidenses a pesar de contar con el mayor lanzamiento jam\u00e1s registrado para una producci\u00f3n latina.<\/p>\n<p style=\"text-align: justify;\">Se estren\u00f3 el 26 de agosto en 800 cines de Estados Unidos y fue expandiendo el n\u00famero de copias hasta alcanzar las 2.500 en todo el territorio.<\/p>\n<p style=\"text-align: justify;\"><strong>\u00abYo creo que la taquilla es un reflejo de la enorme polarizaci\u00f3n que hay en el pa\u00eds\u00bb<\/strong>, reflexion\u00f3 el director en una entrevista con EFE.<\/p>\n<p style=\"text-align: justify;\"><strong>\u00abEl problema era lo que esperaba la gente en comparaci\u00f3n con otras pel\u00edculas de boxeo. En la pel\u00edcula, un latinoamericano vence a estadounidenses. Eso es \u00fanico. Nunca se hab\u00eda hecho\u00bb<\/strong>, agreg\u00f3.<\/p>\n<p style=\"text-align: justify;\"><strong>\u00abLa historia es bastante controvertida. Tiene un contenido pol\u00edtico y social significativo, y cambia por completo el estereotipo inculcado en la cultura del entretenimiento desde hace 90 a\u00f1os\u00bb<\/strong>, asegur\u00f3.<\/p>\n<p style=\"text-align: justify;\">Preguntado por EFE sobre las razones por las que los latinos en EEUU no suelen apoyar con claridad las producciones dedicadas a ese p\u00fablico, Jakubowicz afirm\u00f3 que esa poblaci\u00f3n <strong>\u00abes la principal v\u00edctima de los estereotipos\u00bb<\/strong>.<\/p>\n<p style=\"text-align: justify;\"><strong>\u00abTenemos un complejo postcolonial. Creo que toda Latinoam\u00e9rica sabe que el problema racial disimulado que existe en nuestros pa\u00edses es gigantesco\u00bb<\/strong>, indic\u00f3.<\/p>\n<p style=\"text-align: justify;\">En su opini\u00f3n, el p\u00fablico se ha habituado a ver al hombre blanco como gran protagonista, mientras que los latinos quedan reducidos a papeles de narcotraficantes y violadores.<\/p>\n<p style=\"text-align: justify;\"><strong>\u00abEso es un estereotipo que hay que cambiar. No va a ser de un d\u00eda para el otro, pero hay que empezar por alg\u00fan lado. Creo que el p\u00fablico latino de EEUU tiene un problema de amor propio\u00bb<\/strong>, manifest\u00f3.<\/p>\n<p style=\"text-align: justify;\"><strong>\u00abEs gente que muchas veces esconde su origen y dice ser estadounidense. Es la misma gente con la que contaban los dem\u00f3cratas para ganar las elecciones y no respondieron. Nos va a tomar tiempo tener la cohesi\u00f3n de la cultura afroamericana en EEUU, que responde a sus propios productos e intereses\u00bb<\/strong>, declar\u00f3.<\/p>\n<p style=\"text-align: justify;\">Jakubowicz lamenta la falta de solidaridad y uni\u00f3n que percibe en la poblaci\u00f3n latina estadounidense.<\/p>\n<p style=\"text-align: justify;\"><strong>\u00abLa uni\u00f3n nos dar\u00eda importancia como mercado y poder pol\u00edtico. Mientras que no ocurra, seguiremos siendo una minor\u00eda extremadamente d\u00e9bil en este pa\u00eds\u00bb<\/strong>, sostuvo.<\/p>\n<p style=\"text-align: justify;\">&#8216;Hands of Stone&#8217;, protagonizada por \u00c9dgar Ram\u00edrez, Robert De Niro y Usher Raymond, cuenta la vida de Roberto &#8216;Mano de Piedra&#8217; Dur\u00e1n, todo un h\u00e9roe nacional en Panam\u00e1, desde el momento en el que acepta ser entrenado por el m\u00edtico Ray Arcel (De Niro) hasta la gran rivalidad que surge con Sugar Ray Leonard (Usher).<\/p>\n<p style=\"text-align: justify;\"><strong>\u00abLa pel\u00edcula se logr\u00f3 estrenar en todo EEUU y en Latinoam\u00e9rica simult\u00e1neamente, algo que nunca sucede. Rompi\u00f3 barreras, y eso me llena de orgullo. Se demostr\u00f3 que se puede hacer un cine en la regi\u00f3n que llegue lejos. Ahora en DVD otro universo completo de gente la descubrir\u00e1\u00bb<\/strong>, indic\u00f3.<\/p>\n<p style=\"text-align: justify;\"><strong>\u00abSi no buscamos nosotros las historias positivas de latinos, no lo har\u00e1 nadie. Y si no lo hace nadie, nos resignaremos a seguir siendo humillados como cultura\u00bb<\/strong>, valor\u00f3 el cineasta, para quien los estereotipos sobre los latinos est\u00e1n tan aceptados que contribuyeron a llevar al magnate republicano Donald Trump a la Casa Blanca.<\/p>\n<p style=\"text-align: justify;\"><strong>\u00abEst\u00e1n tan adentro de la cultura que ni siquiera se conciben como algo racista. Mucha poblaci\u00f3n no tiene contacto alguno con latinos realmente, y solo juzgan por los personajes que ven en la televisi\u00f3n y el cine. Por eso el cambio lo tenemos que hacer nosotros mismos\u00bb<\/strong>, consider\u00f3.<\/p>\n<p style=\"text-align: justify;\">Jakubowicz, adem\u00e1s, confirm\u00f3 que trabaja en otro proyecto de nuevo con Ram\u00edrez y De Niro.<\/p>\n<p style=\"text-align: justify;\"><strong>\u00abEs temprano -adelant\u00f3-, pero lo estamos desarrollando. Trataremos de filmar el a\u00f1o que viene. A\u00fan estoy escribiendo. Es algo extremadamente diferente a &#8216;Hands of Stone&#8217;. Se basa en una historia real tambi\u00e9n, pero, esta vez, en el mundo de las agencias de inteligencia\u00bb<\/strong>.<\/p>\n","protected":false},"excerpt":{"rendered":"<p>Antonio Mart\u00edn Guirado. EFE &#8211; El cineasta venezolano Jonathan Jakubowicz, director de la cinta &#8216;Hands of Stone&#8217;, a la venta desde hoy en DVD, dijo a EFE que considera que el p\u00fablico latino de Estados Unidos \u00abtiene un problema de amor propio\u00bb. El filme, sobre la vida del boxeador Roberto &#8216;Mano de Piedra&#8217; Dur\u00e1n, recaud\u00f3 &#8230;<\/p>\n","protected":false},"author":3,"featured_media":30617,"comment_status":"closed","ping_status":"closed","sticky":false,"template":"","format":"standard","meta":{"footnotes":""},"categories":[752,1879],"tags":[1905,1908,1907,1917],"class_list":["post-33551","post","type-post","status-publish","format-standard","has-post-thumbnail","hentry","category-appgd","category-en-offside","tag-cine","tag-film","tag-pelicula","tag-series"],"_links":{"self":[{"href":"http:\/\/gradadigital.com\/home\/wp-json\/wp\/v2\/posts\/33551","targetHints":{"allow":["GET"]}}],"collection":[{"href":"http:\/\/gradadigital.com\/home\/wp-json\/wp\/v2\/posts"}],"about":[{"href":"http:\/\/gradadigital.com\/home\/wp-json\/wp\/v2\/types\/post"}],"author":[{"embeddable":true,"href":"http:\/\/gradadigital.com\/home\/wp-json\/wp\/v2\/users\/3"}],"replies":[{"embeddable":true,"href":"http:\/\/gradadigital.com\/home\/wp-json\/wp\/v2\/comments?post=33551"}],"version-history":[{"count":1,"href":"http:\/\/gradadigital.com\/home\/wp-json\/wp\/v2\/posts\/33551\/revisions"}],"predecessor-version":[{"id":33552,"href":"http:\/\/gradadigital.com\/home\/wp-json\/wp\/v2\/posts\/33551\/revisions\/33552"}],"wp:featuredmedia":[{"embeddable":true,"href":"http:\/\/gradadigital.com\/home\/wp-json\/wp\/v2\/media\/30617"}],"wp:attachment":[{"href":"http:\/\/gradadigital.com\/home\/wp-json\/wp\/v2\/media?parent=33551"}],"wp:term":[{"taxonomy":"category","embeddable":true,"href":"http:\/\/gradadigital.com\/home\/wp-json\/wp\/v2\/categories?post=33551"},{"taxonomy":"post_tag","embeddable":true,"href":"http:\/\/gradadigital.com\/home\/wp-json\/wp\/v2\/tags?post=33551"}],"curies":[{"name":"wp","href":"https:\/\/api.w.org\/{rel}","templated":true}]}}